{"id":10395,"date":"2017-11-24T18:00:25","date_gmt":"2017-11-24T16:00:25","guid":{"rendered":"http:\/\/vereinigung-professioneller-kinderfotografen.de\/blog2\/?p=10395"},"modified":"2017-12-23T14:35:03","modified_gmt":"2017-12-23T12:35:03","slug":"natuerliche-neugeborenenbilder-nina-wuethrich-photography-aus-der-schweiz","status":"publish","type":"post","link":"https:\/\/vereinigung-professioneller-kinderfotografen.de\/blog2\/natuerliche-neugeborenenbilder-nina-wuethrich-photography-aus-der-schweiz\/","title":{"rendered":"Nat\u00fcrliche Neugeborenenbilder &#8211; Nina W\u00fcthrich Photography aus der Schweiz"},"content":{"rendered":"<p>Zum Newborn Shoot ihrer kleinen Nichte, gibts ein paar pers\u00f6nliche Gedanken unserer Fotografin Nina W\u00fcthrich aus der Schweiz.<\/p>\n<p>Die Liebesgeschichten anderer Menschen ist mein t\u00e4gliches Leben. Mein Alltag, meine Leidenschaft und f\u00fcr mich das aller sch\u00f6nste, das ich mir vorstellen kann zu fotografieren. Meistens wenn ich meine Kunden zum ersten Mal treffe, sind wir Fremde. Sie lassen\u00a0mich in ihr Leben um f\u00fcr sie die wundersch\u00f6nsten und bedeutendsten Augenblicke ihrer ganz pers\u00f6nlichen Geschichte einzufangen. Ihr pers\u00f6nliche Liebesgeschichte. Die Liebe zwischen ihnen als Paar, zu ihrem neugeborenen Kind. Die Liebe in ihrer\u00a0Familie, zwischen Freunden. Ihre Geschichten zu h\u00f6ren, intim, oft sehr pers\u00f6nlich, die Liebe zu sehen, die Freundschaft zu sp\u00fcren, das Gl\u00fcck und die leuchtenden Augen, all diese Momente haben nie aufgeh\u00f6rt mich zu begeistern und zu ber\u00fchren. Diese Momente sind jene die mir zeigen wie wundersch\u00f6n das Leben ist, in all seiner Einfachheit. Manchmal sitze ich da, h\u00f6re zu und es r\u00fchrt mich zu Tr\u00e4nen wenn mir ein Paar von der Geburt ihres neugeborenen Kindes erz\u00e4hlt. Und bis heute konnt ich nie sagen warum. Warum mich das so gl\u00fccklich und gleichzeitig so traurig und auch\u00a0dankbar macht, auch bei Menschen die ich eigentlich nicht mal kenne. Seit meine kleine Nichte geboren wurde, weiss ich es nun. Seit dem Tag an dem ich ins Krankenhaus gefahren bin um da die neugeborene Tochter meines Bruders und seiner Frau zum ersten Mal\u00a0zu sehen, da hab ich verstanden was es ist.\u00a0Ehrfurcht vor dem Leben.<\/p>\n<p>Weitere Arbeiten von Nina W\u00fcthrich Photography findet ihr auf\u00a0<a href=\"https:\/\/www.instagram.com\/ninawuethrichphotography\/\">Instagram<\/a> bei <a href=\"https:\/\/www.facebook.com\/Nina-W\u00fcthrich-Photography-255776971171343\/\">Facebook<\/a> oder auf <a href=\"https:\/\/nina-photo.ch\">www.nina-photo.ch<\/a><\/p>\n<p><img decoding=\"async\" loading=\"lazy\" class=\"aligncenter size-full wp-image-10399\" src=\"http:\/\/vereinigung-professioneller-kinderfotografen.de\/blog2\/wp-content\/uploads\/2017\/11\/20-10395-post\/Nina-Wuethrich-Photography-01-3.jpg\" alt=\"\" width=\"1200\" height=\"800\" srcset=\"https:\/\/vereinigung-professioneller-kinderfotografen.de\/blog2\/wp-content\/uploads\/2017\/11\/20-10395-post\/Nina-Wuethrich-Photography-01-3.jpg 1200w, https:\/\/vereinigung-professioneller-kinderfotografen.de\/blog2\/wp-content\/uploads\/2017\/11\/20-10395-post\/Nina-Wuethrich-Photography-01-3-300x200.jpg 300w, https:\/\/vereinigung-professioneller-kinderfotografen.de\/blog2\/wp-content\/uploads\/2017\/11\/20-10395-post\/Nina-Wuethrich-Photography-01-3-768x512.jpg 768w, https:\/\/vereinigung-professioneller-kinderfotografen.de\/blog2\/wp-content\/uploads\/2017\/11\/20-10395-post\/Nina-Wuethrich-Photography-01-3-1024x683.jpg 1024w\" sizes=\"(max-width: 1200px) 100vw, 1200px\" \/><img decoding=\"async\" loading=\"lazy\" class=\"aligncenter size-full wp-image-10401\" src=\"http:\/\/vereinigung-professioneller-kinderfotografen.de\/blog2\/wp-content\/uploads\/2017\/11\/20-10395-post\/Nina-Wuethrich-Photography-05.jpg\" alt=\"\" width=\"1200\" height=\"800\" srcset=\"https:\/\/vereinigung-professioneller-kinderfotografen.de\/blog2\/wp-content\/uploads\/2017\/11\/20-10395-post\/Nina-Wuethrich-Photography-05.jpg 1200w, https:\/\/vereinigung-professioneller-kinderfotografen.de\/blog2\/wp-content\/uploads\/2017\/11\/20-10395-post\/Nina-Wuethrich-Photography-05-300x200.jpg 300w, https:\/\/vereinigung-professioneller-kinderfotografen.de\/blog2\/wp-content\/uploads\/2017\/11\/20-10395-post\/Nina-Wuethrich-Photography-05-768x512.jpg 768w, https:\/\/vereinigung-professioneller-kinderfotografen.de\/blog2\/wp-content\/uploads\/2017\/11\/20-10395-post\/Nina-Wuethrich-Photography-05-1024x683.jpg 1024w\" sizes=\"(max-width: 1200px) 100vw, 1200px\" \/><img decoding=\"async\" loading=\"lazy\" class=\"aligncenter size-full wp-image-10402\" src=\"http:\/\/vereinigung-professioneller-kinderfotografen.de\/blog2\/wp-content\/uploads\/2017\/11\/20-10395-post\/Nina-Wuethrich-Photography-11.jpg\" alt=\"\" width=\"1200\" height=\"800\" srcset=\"https:\/\/vereinigung-professioneller-kinderfotografen.de\/blog2\/wp-content\/uploads\/2017\/11\/20-10395-post\/Nina-Wuethrich-Photography-11.jpg 1200w, https:\/\/vereinigung-professioneller-kinderfotografen.de\/blog2\/wp-content\/uploads\/2017\/11\/20-10395-post\/Nina-Wuethrich-Photography-11-300x200.jpg 300w, https:\/\/vereinigung-professioneller-kinderfotografen.de\/blog2\/wp-content\/uploads\/2017\/11\/20-10395-post\/Nina-Wuethrich-Photography-11-768x512.jpg 768w, https:\/\/vereinigung-professioneller-kinderfotografen.de\/blog2\/wp-content\/uploads\/2017\/11\/20-10395-post\/Nina-Wuethrich-Photography-11-1024x683.jpg 1024w\" sizes=\"(max-width: 1200px) 100vw, 1200px\" \/><img decoding=\"async\" class=\"aligncenter size-full wp-image-10396\" src=\"http:\/\/vereinigung-professioneller-kinderfotografen.de\/blog2\/wp-content\/uploads\/2017\/11\/20-10395-post\/Nina-Wuethrich-Photography-01-0.jpg\" alt=\"\" \/><img decoding=\"async\" loading=\"lazy\" class=\"aligncenter size-full wp-image-10403\" src=\"http:\/\/vereinigung-professioneller-kinderfotografen.de\/blog2\/wp-content\/uploads\/2017\/11\/20-10395-post\/Nina-Wuethrich-Photography-15.jpg\" alt=\"\" width=\"1200\" height=\"800\" srcset=\"https:\/\/vereinigung-professioneller-kinderfotografen.de\/blog2\/wp-content\/uploads\/2017\/11\/20-10395-post\/Nina-Wuethrich-Photography-15.jpg 1200w, https:\/\/vereinigung-professioneller-kinderfotografen.de\/blog2\/wp-content\/uploads\/2017\/11\/20-10395-post\/Nina-Wuethrich-Photography-15-300x200.jpg 300w, https:\/\/vereinigung-professioneller-kinderfotografen.de\/blog2\/wp-content\/uploads\/2017\/11\/20-10395-post\/Nina-Wuethrich-Photography-15-768x512.jpg 768w, https:\/\/vereinigung-professioneller-kinderfotografen.de\/blog2\/wp-content\/uploads\/2017\/11\/20-10395-post\/Nina-Wuethrich-Photography-15-1024x683.jpg 1024w\" sizes=\"(max-width: 1200px) 100vw, 1200px\" \/><img decoding=\"async\" loading=\"lazy\" class=\"aligncenter size-full wp-image-10405\" src=\"http:\/\/vereinigung-professioneller-kinderfotografen.de\/blog2\/wp-content\/uploads\/2017\/11\/20-10395-post\/Nina-Wuethrich-Photography-27.jpg\" alt=\"\" width=\"1200\" height=\"800\" srcset=\"https:\/\/vereinigung-professioneller-kinderfotografen.de\/blog2\/wp-content\/uploads\/2017\/11\/20-10395-post\/Nina-Wuethrich-Photography-27.jpg 1200w, https:\/\/vereinigung-professioneller-kinderfotografen.de\/blog2\/wp-content\/uploads\/2017\/11\/20-10395-post\/Nina-Wuethrich-Photography-27-300x200.jpg 300w, https:\/\/vereinigung-professioneller-kinderfotografen.de\/blog2\/wp-content\/uploads\/2017\/11\/20-10395-post\/Nina-Wuethrich-Photography-27-768x512.jpg 768w, https:\/\/vereinigung-professioneller-kinderfotografen.de\/blog2\/wp-content\/uploads\/2017\/11\/20-10395-post\/Nina-Wuethrich-Photography-27-1024x683.jpg 1024w\" sizes=\"(max-width: 1200px) 100vw, 1200px\" \/><img decoding=\"async\" loading=\"lazy\" class=\"aligncenter size-full wp-image-10406\" src=\"http:\/\/vereinigung-professioneller-kinderfotografen.de\/blog2\/wp-content\/uploads\/2017\/11\/20-10395-post\/Nina-Wuethrich-Photography-28.jpg\" alt=\"\" width=\"1200\" height=\"800\" srcset=\"https:\/\/vereinigung-professioneller-kinderfotografen.de\/blog2\/wp-content\/uploads\/2017\/11\/20-10395-post\/Nina-Wuethrich-Photography-28.jpg 1200w, https:\/\/vereinigung-professioneller-kinderfotografen.de\/blog2\/wp-content\/uploads\/2017\/11\/20-10395-post\/Nina-Wuethrich-Photography-28-300x200.jpg 300w, https:\/\/vereinigung-professioneller-kinderfotografen.de\/blog2\/wp-content\/uploads\/2017\/11\/20-10395-post\/Nina-Wuethrich-Photography-28-768x512.jpg 768w, https:\/\/vereinigung-professioneller-kinderfotografen.de\/blog2\/wp-content\/uploads\/2017\/11\/20-10395-post\/Nina-Wuethrich-Photography-28-1024x683.jpg 1024w\" sizes=\"(max-width: 1200px) 100vw, 1200px\" \/><img decoding=\"async\" class=\"aligncenter size-full wp-image-10397\" src=\"http:\/\/vereinigung-professioneller-kinderfotografen.de\/blog2\/wp-content\/uploads\/2017\/11\/20-10395-post\/Nina-Wuethrich-Photography-01-1.jpg\" alt=\"\" \/><img decoding=\"async\" loading=\"lazy\" class=\"aligncenter size-full wp-image-10407\" src=\"http:\/\/vereinigung-professioneller-kinderfotografen.de\/blog2\/wp-content\/uploads\/2017\/11\/20-10395-post\/Nina-Wuethrich-Photography-34.jpg\" alt=\"\" width=\"1200\" height=\"800\" srcset=\"https:\/\/vereinigung-professioneller-kinderfotografen.de\/blog2\/wp-content\/uploads\/2017\/11\/20-10395-post\/Nina-Wuethrich-Photography-34.jpg 1200w, https:\/\/vereinigung-professioneller-kinderfotografen.de\/blog2\/wp-content\/uploads\/2017\/11\/20-10395-post\/Nina-Wuethrich-Photography-34-300x200.jpg 300w, https:\/\/vereinigung-professioneller-kinderfotografen.de\/blog2\/wp-content\/uploads\/2017\/11\/20-10395-post\/Nina-Wuethrich-Photography-34-768x512.jpg 768w, https:\/\/vereinigung-professioneller-kinderfotografen.de\/blog2\/wp-content\/uploads\/2017\/11\/20-10395-post\/Nina-Wuethrich-Photography-34-1024x683.jpg 1024w\" sizes=\"(max-width: 1200px) 100vw, 1200px\" \/><img decoding=\"async\" loading=\"lazy\" class=\"aligncenter size-full wp-image-10408\" src=\"http:\/\/vereinigung-professioneller-kinderfotografen.de\/blog2\/wp-content\/uploads\/2017\/11\/20-10395-post\/Nina-Wuethrich-Photography-45.jpg\" alt=\"\" width=\"1200\" height=\"800\" srcset=\"https:\/\/vereinigung-professioneller-kinderfotografen.de\/blog2\/wp-content\/uploads\/2017\/11\/20-10395-post\/Nina-Wuethrich-Photography-45.jpg 1200w, https:\/\/vereinigung-professioneller-kinderfotografen.de\/blog2\/wp-content\/uploads\/2017\/11\/20-10395-post\/Nina-Wuethrich-Photography-45-300x200.jpg 300w, https:\/\/vereinigung-professioneller-kinderfotografen.de\/blog2\/wp-content\/uploads\/2017\/11\/20-10395-post\/Nina-Wuethrich-Photography-45-768x512.jpg 768w, https:\/\/vereinigung-professioneller-kinderfotografen.de\/blog2\/wp-content\/uploads\/2017\/11\/20-10395-post\/Nina-Wuethrich-Photography-45-1024x683.jpg 1024w\" sizes=\"(max-width: 1200px) 100vw, 1200px\" \/><img decoding=\"async\" class=\"aligncenter size-full wp-image-10398\" src=\"http:\/\/vereinigung-professioneller-kinderfotografen.de\/blog2\/wp-content\/uploads\/2017\/11\/20-10395-post\/Nina-Wuethrich-Photography-01-2.jpg\" alt=\"\" \/><img decoding=\"async\" loading=\"lazy\" class=\"aligncenter size-full wp-image-10409\" src=\"http:\/\/vereinigung-professioneller-kinderfotografen.de\/blog2\/wp-content\/uploads\/2017\/11\/20-10395-post\/Nina-Wuethrich-Photography-49.jpg\" alt=\"\" width=\"1200\" height=\"800\" srcset=\"https:\/\/vereinigung-professioneller-kinderfotografen.de\/blog2\/wp-content\/uploads\/2017\/11\/20-10395-post\/Nina-Wuethrich-Photography-49.jpg 1200w, https:\/\/vereinigung-professioneller-kinderfotografen.de\/blog2\/wp-content\/uploads\/2017\/11\/20-10395-post\/Nina-Wuethrich-Photography-49-300x200.jpg 300w, https:\/\/vereinigung-professioneller-kinderfotografen.de\/blog2\/wp-content\/uploads\/2017\/11\/20-10395-post\/Nina-Wuethrich-Photography-49-768x512.jpg 768w, https:\/\/vereinigung-professioneller-kinderfotografen.de\/blog2\/wp-content\/uploads\/2017\/11\/20-10395-post\/Nina-Wuethrich-Photography-49-1024x683.jpg 1024w\" sizes=\"(max-width: 1200px) 100vw, 1200px\" \/><img decoding=\"async\" class=\"aligncenter size-full wp-image-10400\" src=\"http:\/\/vereinigung-professioneller-kinderfotografen.de\/blog2\/wp-content\/uploads\/2017\/11\/20-10395-post\/Nina-Wuethrich-Photography-01.jpg\" alt=\"\" \/><\/p>\n","protected":false},"excerpt":{"rendered":"<p>Zum Newborn Shoot ihrer kleinen Nichte, gibts ein paar pers\u00f6nliche Gedanken unserer Fotografin Nina W\u00fcthrich aus der Schweiz. Die Liebesgeschichten anderer Menschen ist mein t\u00e4gliches Leben. Mein Alltag, meine Leidenschaft und f\u00fcr mich das aller sch\u00f6nste, das ich mir vorstellen kann zu fotografieren. Meistens wenn ich meine Kunden zum ersten Mal treffe, sind wir Fremde....<\/p>\n","protected":false},"author":2,"featured_media":10399,"comment_status":"closed","ping_status":"closed","sticky":false,"template":"","format":"standard","meta":{"pp_embeds":""},"categories":[1,919],"tags":[130,991,1185,1184,844,452,1052,25,1186,746,1122,1123],"acf":[],"_links":{"self":[{"href":"https:\/\/vereinigung-professioneller-kinderfotografen.de\/blog2\/wp-json\/wp\/v2\/posts\/10395"}],"collection":[{"href":"https:\/\/vereinigung-professioneller-kinderfotografen.de\/blog2\/wp-json\/wp\/v2\/posts"}],"about":[{"href":"https:\/\/vereinigung-professioneller-kinderfotografen.de\/blog2\/wp-json\/wp\/v2\/types\/post"}],"author":[{"embeddable":true,"href":"https:\/\/vereinigung-professioneller-kinderfotografen.de\/blog2\/wp-json\/wp\/v2\/users\/2"}],"replies":[{"embeddable":true,"href":"https:\/\/vereinigung-professioneller-kinderfotografen.de\/blog2\/wp-json\/wp\/v2\/comments?post=10395"}],"version-history":[{"count":9,"href":"https:\/\/vereinigung-professioneller-kinderfotografen.de\/blog2\/wp-json\/wp\/v2\/posts\/10395\/revisions"}],"predecessor-version":[{"id":10435,"href":"https:\/\/vereinigung-professioneller-kinderfotografen.de\/blog2\/wp-json\/wp\/v2\/posts\/10395\/revisions\/10435"}],"wp:featuredmedia":[{"embeddable":true,"href":"https:\/\/vereinigung-professioneller-kinderfotografen.de\/blog2\/wp-json\/wp\/v2\/media\/10399"}],"wp:attachment":[{"href":"https:\/\/vereinigung-professioneller-kinderfotografen.de\/blog2\/wp-json\/wp\/v2\/media?parent=10395"}],"wp:term":[{"taxonomy":"category","embeddable":true,"href":"https:\/\/vereinigung-professioneller-kinderfotografen.de\/blog2\/wp-json\/wp\/v2\/categories?post=10395"},{"taxonomy":"post_tag","embeddable":true,"href":"https:\/\/vereinigung-professioneller-kinderfotografen.de\/blog2\/wp-json\/wp\/v2\/tags?post=10395"}],"curies":[{"name":"wp","href":"https:\/\/api.w.org\/{rel}","templated":true}]}}