{"id":10358,"date":"2017-12-24T08:05:50","date_gmt":"2017-12-24T06:05:50","guid":{"rendered":"http:\/\/vereinigung-professioneller-kinderfotografen.de\/blog2\/?p=10358"},"modified":"2017-11-19T23:19:43","modified_gmt":"2017-11-19T21:19:43","slug":"10358-2","status":"publish","type":"post","link":"https:\/\/vereinigung-professioneller-kinderfotografen.de\/blog2\/10358-2\/","title":{"rendered":"Neugeborenenshooting mit einem kleinen Charmeur"},"content":{"rendered":"<p>Unsere Fotografin Cornelia M\u00f6bes hatte vor kurzem einen kleinen Herzensbrecher in ihrem Studio in der N\u00e4he von Z\u00fcrich. Dieser kleine Mann hat das Neugeborenenshooting super toll gemacht und es sind ganz viele Kuschelbilder entstanden. Mehr Bilder von Babyfotografin Cornelia M\u00f6bes aus der Schweiz findet Ihr auf ihrer\u00a0<a href=\"http:\/\/www.corneliamoebes.ch\">Homepage<\/a>\u00a0sowie\u00a0ihrer\u00a0<a href=\"https:\/\/www.facebook.com\/corneliamoebesphotography\/\">Facebook-Seite<\/a>!<\/p>\n<p><img decoding=\"async\" loading=\"lazy\" class=\"aligncenter size-full wp-image-10377\" src=\"http:\/\/vereinigung-professioneller-kinderfotografen.de\/blog2\/wp-content\/uploads\/2017\/11\/19-10358-post\/Babyfotograf-Zug-Zurich-Luzern-Cornelia-Moebes-Photography-S6.jpg\" alt=\"\" width=\"1000\" height=\"667\" srcset=\"https:\/\/vereinigung-professioneller-kinderfotografen.de\/blog2\/wp-content\/uploads\/2017\/11\/19-10358-post\/Babyfotograf-Zug-Zurich-Luzern-Cornelia-Moebes-Photography-S6.jpg 1000w, https:\/\/vereinigung-professioneller-kinderfotografen.de\/blog2\/wp-content\/uploads\/2017\/11\/19-10358-post\/Babyfotograf-Zug-Zurich-Luzern-Cornelia-Moebes-Photography-S6-300x200.jpg 300w, https:\/\/vereinigung-professioneller-kinderfotografen.de\/blog2\/wp-content\/uploads\/2017\/11\/19-10358-post\/Babyfotograf-Zug-Zurich-Luzern-Cornelia-Moebes-Photography-S6-768x512.jpg 768w\" sizes=\"(max-width: 1000px) 100vw, 1000px\" \/><img decoding=\"async\" loading=\"lazy\" class=\"aligncenter size-full wp-image-10389\" src=\"http:\/\/vereinigung-professioneller-kinderfotografen.de\/blog2\/wp-content\/uploads\/2017\/11\/19-10358-post\/Babyfotograf-Zug-Zurich-Luzern-Cornelia-Moebes-Photography-S7.jpg\" alt=\"\" width=\"1000\" height=\"667\" srcset=\"https:\/\/vereinigung-professioneller-kinderfotografen.de\/blog2\/wp-content\/uploads\/2017\/11\/19-10358-post\/Babyfotograf-Zug-Zurich-Luzern-Cornelia-Moebes-Photography-S7.jpg 1000w, https:\/\/vereinigung-professioneller-kinderfotografen.de\/blog2\/wp-content\/uploads\/2017\/11\/19-10358-post\/Babyfotograf-Zug-Zurich-Luzern-Cornelia-Moebes-Photography-S7-300x200.jpg 300w, https:\/\/vereinigung-professioneller-kinderfotografen.de\/blog2\/wp-content\/uploads\/2017\/11\/19-10358-post\/Babyfotograf-Zug-Zurich-Luzern-Cornelia-Moebes-Photography-S7-768x512.jpg 768w\" sizes=\"(max-width: 1000px) 100vw, 1000px\" \/><img decoding=\"async\" loading=\"lazy\" class=\"aligncenter size-full wp-image-10381\" src=\"http:\/\/vereinigung-professioneller-kinderfotografen.de\/blog2\/wp-content\/uploads\/2017\/11\/19-10358-post\/Babyfotograf-Zug-Zurich-Luzern-Cornelia-Moebes-Photography-S12.jpg\" alt=\"\" width=\"1000\" height=\"667\" srcset=\"https:\/\/vereinigung-professioneller-kinderfotografen.de\/blog2\/wp-content\/uploads\/2017\/11\/19-10358-post\/Babyfotograf-Zug-Zurich-Luzern-Cornelia-Moebes-Photography-S12.jpg 1000w, https:\/\/vereinigung-professioneller-kinderfotografen.de\/blog2\/wp-content\/uploads\/2017\/11\/19-10358-post\/Babyfotograf-Zug-Zurich-Luzern-Cornelia-Moebes-Photography-S12-300x200.jpg 300w, https:\/\/vereinigung-professioneller-kinderfotografen.de\/blog2\/wp-content\/uploads\/2017\/11\/19-10358-post\/Babyfotograf-Zug-Zurich-Luzern-Cornelia-Moebes-Photography-S12-768x512.jpg 768w\" sizes=\"(max-width: 1000px) 100vw, 1000px\" \/><img decoding=\"async\" loading=\"lazy\" class=\"aligncenter size-full wp-image-10379\" src=\"http:\/\/vereinigung-professioneller-kinderfotografen.de\/blog2\/wp-content\/uploads\/2017\/11\/19-10358-post\/Babyfotograf-Zug-Zurich-Luzern-Cornelia-Moebes-Photography-S9.jpg\" alt=\"\" width=\"1000\" height=\"667\" srcset=\"https:\/\/vereinigung-professioneller-kinderfotografen.de\/blog2\/wp-content\/uploads\/2017\/11\/19-10358-post\/Babyfotograf-Zug-Zurich-Luzern-Cornelia-Moebes-Photography-S9.jpg 1000w, https:\/\/vereinigung-professioneller-kinderfotografen.de\/blog2\/wp-content\/uploads\/2017\/11\/19-10358-post\/Babyfotograf-Zug-Zurich-Luzern-Cornelia-Moebes-Photography-S9-300x200.jpg 300w, https:\/\/vereinigung-professioneller-kinderfotografen.de\/blog2\/wp-content\/uploads\/2017\/11\/19-10358-post\/Babyfotograf-Zug-Zurich-Luzern-Cornelia-Moebes-Photography-S9-768x512.jpg 768w\" sizes=\"(max-width: 1000px) 100vw, 1000px\" \/><img decoding=\"async\" loading=\"lazy\" class=\"aligncenter size-full wp-image-10380\" src=\"http:\/\/vereinigung-professioneller-kinderfotografen.de\/blog2\/wp-content\/uploads\/2017\/11\/19-10358-post\/Babyfotograf-Zug-Zurich-Luzern-Cornelia-Moebes-Photography-S10.jpg\" alt=\"\" width=\"1000\" height=\"667\" srcset=\"https:\/\/vereinigung-professioneller-kinderfotografen.de\/blog2\/wp-content\/uploads\/2017\/11\/19-10358-post\/Babyfotograf-Zug-Zurich-Luzern-Cornelia-Moebes-Photography-S10.jpg 1000w, https:\/\/vereinigung-professioneller-kinderfotografen.de\/blog2\/wp-content\/uploads\/2017\/11\/19-10358-post\/Babyfotograf-Zug-Zurich-Luzern-Cornelia-Moebes-Photography-S10-300x200.jpg 300w, https:\/\/vereinigung-professioneller-kinderfotografen.de\/blog2\/wp-content\/uploads\/2017\/11\/19-10358-post\/Babyfotograf-Zug-Zurich-Luzern-Cornelia-Moebes-Photography-S10-768x512.jpg 768w\" sizes=\"(max-width: 1000px) 100vw, 1000px\" \/><img decoding=\"async\" loading=\"lazy\" class=\"aligncenter size-full wp-image-10376\" src=\"http:\/\/vereinigung-professioneller-kinderfotografen.de\/blog2\/wp-content\/uploads\/2017\/11\/19-10358-post\/Babyfotograf-Zug-Zuerich-Luzern-Cornelia-Moebes-Photography-S4.jpg\" alt=\"\" width=\"1000\" height=\"667\" srcset=\"https:\/\/vereinigung-professioneller-kinderfotografen.de\/blog2\/wp-content\/uploads\/2017\/11\/19-10358-post\/Babyfotograf-Zug-Zuerich-Luzern-Cornelia-Moebes-Photography-S4.jpg 1000w, https:\/\/vereinigung-professioneller-kinderfotografen.de\/blog2\/wp-content\/uploads\/2017\/11\/19-10358-post\/Babyfotograf-Zug-Zuerich-Luzern-Cornelia-Moebes-Photography-S4-300x200.jpg 300w, https:\/\/vereinigung-professioneller-kinderfotografen.de\/blog2\/wp-content\/uploads\/2017\/11\/19-10358-post\/Babyfotograf-Zug-Zuerich-Luzern-Cornelia-Moebes-Photography-S4-768x512.jpg 768w\" sizes=\"(max-width: 1000px) 100vw, 1000px\" \/><img decoding=\"async\" loading=\"lazy\" class=\"aligncenter size-full wp-image-10375\" src=\"http:\/\/vereinigung-professioneller-kinderfotografen.de\/blog2\/wp-content\/uploads\/2017\/11\/19-10358-post\/Babyfotograf-Zug-Luzern-Cornelia-Moebes-Photography-S3.jpg\" alt=\"\" width=\"1000\" height=\"667\" srcset=\"https:\/\/vereinigung-professioneller-kinderfotografen.de\/blog2\/wp-content\/uploads\/2017\/11\/19-10358-post\/Babyfotograf-Zug-Luzern-Cornelia-Moebes-Photography-S3.jpg 1000w, https:\/\/vereinigung-professioneller-kinderfotografen.de\/blog2\/wp-content\/uploads\/2017\/11\/19-10358-post\/Babyfotograf-Zug-Luzern-Cornelia-Moebes-Photography-S3-300x200.jpg 300w, https:\/\/vereinigung-professioneller-kinderfotografen.de\/blog2\/wp-content\/uploads\/2017\/11\/19-10358-post\/Babyfotograf-Zug-Luzern-Cornelia-Moebes-Photography-S3-768x512.jpg 768w\" sizes=\"(max-width: 1000px) 100vw, 1000px\" \/><img decoding=\"async\" loading=\"lazy\" class=\"aligncenter size-full wp-image-10374\" src=\"http:\/\/vereinigung-professioneller-kinderfotografen.de\/blog2\/wp-content\/uploads\/2017\/11\/19-10358-post\/Babyfotograf-Zug-Luzern-Cornelia-Moebes-Photography-S1.jpg\" alt=\"\" width=\"1000\" height=\"667\" srcset=\"https:\/\/vereinigung-professioneller-kinderfotografen.de\/blog2\/wp-content\/uploads\/2017\/11\/19-10358-post\/Babyfotograf-Zug-Luzern-Cornelia-Moebes-Photography-S1.jpg 1000w, https:\/\/vereinigung-professioneller-kinderfotografen.de\/blog2\/wp-content\/uploads\/2017\/11\/19-10358-post\/Babyfotograf-Zug-Luzern-Cornelia-Moebes-Photography-S1-300x200.jpg 300w, https:\/\/vereinigung-professioneller-kinderfotografen.de\/blog2\/wp-content\/uploads\/2017\/11\/19-10358-post\/Babyfotograf-Zug-Luzern-Cornelia-Moebes-Photography-S1-768x512.jpg 768w\" sizes=\"(max-width: 1000px) 100vw, 1000px\" \/><img decoding=\"async\" loading=\"lazy\" class=\"aligncenter size-full wp-image-10383\" src=\"http:\/\/vereinigung-professioneller-kinderfotografen.de\/blog2\/wp-content\/uploads\/2017\/11\/19-10358-post\/Babyfotograf-Zug-Zurich-Luzern-Cornelia-Moebes-Photography-S15.jpg\" alt=\"\" width=\"470\" height=\"705\" srcset=\"https:\/\/vereinigung-professioneller-kinderfotografen.de\/blog2\/wp-content\/uploads\/2017\/11\/19-10358-post\/Babyfotograf-Zug-Zurich-Luzern-Cornelia-Moebes-Photography-S15.jpg 470w, https:\/\/vereinigung-professioneller-kinderfotografen.de\/blog2\/wp-content\/uploads\/2017\/11\/19-10358-post\/Babyfotograf-Zug-Zurich-Luzern-Cornelia-Moebes-Photography-S15-200x300.jpg 200w\" sizes=\"(max-width: 470px) 100vw, 470px\" \/><img decoding=\"async\" loading=\"lazy\" class=\"aligncenter size-full wp-image-10384\" src=\"http:\/\/vereinigung-professioneller-kinderfotografen.de\/blog2\/wp-content\/uploads\/2017\/11\/19-10358-post\/Babyfotograf-Zug-Zurich-Luzern-Cornelia-Moebes-Photography-S16.jpg\" alt=\"\" width=\"470\" height=\"705\" srcset=\"https:\/\/vereinigung-professioneller-kinderfotografen.de\/blog2\/wp-content\/uploads\/2017\/11\/19-10358-post\/Babyfotograf-Zug-Zurich-Luzern-Cornelia-Moebes-Photography-S16.jpg 470w, https:\/\/vereinigung-professioneller-kinderfotografen.de\/blog2\/wp-content\/uploads\/2017\/11\/19-10358-post\/Babyfotograf-Zug-Zurich-Luzern-Cornelia-Moebes-Photography-S16-200x300.jpg 200w\" sizes=\"(max-width: 470px) 100vw, 470px\" \/><img decoding=\"async\" loading=\"lazy\" class=\"aligncenter size-full wp-image-10388\" src=\"http:\/\/vereinigung-professioneller-kinderfotografen.de\/blog2\/wp-content\/uploads\/2017\/11\/19-10358-post\/Babyfotograf-Zug-Zurich-Luzern-Cornelia-Moebes-Photography-S22.jpg\" alt=\"\" width=\"1000\" height=\"667\" srcset=\"https:\/\/vereinigung-professioneller-kinderfotografen.de\/blog2\/wp-content\/uploads\/2017\/11\/19-10358-post\/Babyfotograf-Zug-Zurich-Luzern-Cornelia-Moebes-Photography-S22.jpg 1000w, https:\/\/vereinigung-professioneller-kinderfotografen.de\/blog2\/wp-content\/uploads\/2017\/11\/19-10358-post\/Babyfotograf-Zug-Zurich-Luzern-Cornelia-Moebes-Photography-S22-300x200.jpg 300w, https:\/\/vereinigung-professioneller-kinderfotografen.de\/blog2\/wp-content\/uploads\/2017\/11\/19-10358-post\/Babyfotograf-Zug-Zurich-Luzern-Cornelia-Moebes-Photography-S22-768x512.jpg 768w\" sizes=\"(max-width: 1000px) 100vw, 1000px\" \/><img decoding=\"async\" loading=\"lazy\" class=\"aligncenter size-full wp-image-10387\" src=\"http:\/\/vereinigung-professioneller-kinderfotografen.de\/blog2\/wp-content\/uploads\/2017\/11\/19-10358-post\/Babyfotograf-Zug-Zurich-Luzern-Cornelia-Moebes-Photography-S21.jpg\" alt=\"\" width=\"1000\" height=\"667\" srcset=\"https:\/\/vereinigung-professioneller-kinderfotografen.de\/blog2\/wp-content\/uploads\/2017\/11\/19-10358-post\/Babyfotograf-Zug-Zurich-Luzern-Cornelia-Moebes-Photography-S21.jpg 1000w, https:\/\/vereinigung-professioneller-kinderfotografen.de\/blog2\/wp-content\/uploads\/2017\/11\/19-10358-post\/Babyfotograf-Zug-Zurich-Luzern-Cornelia-Moebes-Photography-S21-300x200.jpg 300w, https:\/\/vereinigung-professioneller-kinderfotografen.de\/blog2\/wp-content\/uploads\/2017\/11\/19-10358-post\/Babyfotograf-Zug-Zurich-Luzern-Cornelia-Moebes-Photography-S21-768x512.jpg 768w\" sizes=\"(max-width: 1000px) 100vw, 1000px\" \/><img decoding=\"async\" loading=\"lazy\" class=\"aligncenter size-full wp-image-10390\" src=\"http:\/\/vereinigung-professioneller-kinderfotografen.de\/blog2\/wp-content\/uploads\/2017\/11\/19-10358-post\/Babyfotograf-Zug-Zurich-Luzern-Cornelia-Moebes-Photography-S14.jpg\" alt=\"\" width=\"1000\" height=\"667\" srcset=\"https:\/\/vereinigung-professioneller-kinderfotografen.de\/blog2\/wp-content\/uploads\/2017\/11\/19-10358-post\/Babyfotograf-Zug-Zurich-Luzern-Cornelia-Moebes-Photography-S14.jpg 1000w, https:\/\/vereinigung-professioneller-kinderfotografen.de\/blog2\/wp-content\/uploads\/2017\/11\/19-10358-post\/Babyfotograf-Zug-Zurich-Luzern-Cornelia-Moebes-Photography-S14-300x200.jpg 300w, https:\/\/vereinigung-professioneller-kinderfotografen.de\/blog2\/wp-content\/uploads\/2017\/11\/19-10358-post\/Babyfotograf-Zug-Zurich-Luzern-Cornelia-Moebes-Photography-S14-768x512.jpg 768w\" sizes=\"(max-width: 1000px) 100vw, 1000px\" \/><img decoding=\"async\" loading=\"lazy\" class=\"aligncenter size-full wp-image-10391\" src=\"http:\/\/vereinigung-professioneller-kinderfotografen.de\/blog2\/wp-content\/uploads\/2017\/11\/19-10358-post\/Babyfotograf-Zug-Zurich-Luzern-Cornelia-Moebes-Photography-S18.jpg\" alt=\"\" width=\"1000\" height=\"667\" srcset=\"https:\/\/vereinigung-professioneller-kinderfotografen.de\/blog2\/wp-content\/uploads\/2017\/11\/19-10358-post\/Babyfotograf-Zug-Zurich-Luzern-Cornelia-Moebes-Photography-S18.jpg 1000w, https:\/\/vereinigung-professioneller-kinderfotografen.de\/blog2\/wp-content\/uploads\/2017\/11\/19-10358-post\/Babyfotograf-Zug-Zurich-Luzern-Cornelia-Moebes-Photography-S18-300x200.jpg 300w, https:\/\/vereinigung-professioneller-kinderfotografen.de\/blog2\/wp-content\/uploads\/2017\/11\/19-10358-post\/Babyfotograf-Zug-Zurich-Luzern-Cornelia-Moebes-Photography-S18-768x512.jpg 768w\" sizes=\"(max-width: 1000px) 100vw, 1000px\" \/><\/p>\n","protected":false},"excerpt":{"rendered":"<p>Unsere Fotografin Cornelia M\u00f6bes hatte vor kurzem einen kleinen Herzensbrecher in ihrem Studio in der N\u00e4he von Z\u00fcrich. Dieser kleine Mann hat das Neugeborenenshooting super toll gemacht und es sind ganz viele Kuschelbilder entstanden. Mehr Bilder von Babyfotografin Cornelia M\u00f6bes aus der Schweiz findet Ihr auf ihrer\u00a0Homepage\u00a0sowie\u00a0ihrer\u00a0Facebook-Seite!<\/p>\n","protected":false},"author":2,"featured_media":0,"comment_status":"closed","ping_status":"closed","sticky":false,"template":"","format":"standard","meta":{"pp_embeds":""},"categories":[918],"tags":[],"acf":[],"_links":{"self":[{"href":"https:\/\/vereinigung-professioneller-kinderfotografen.de\/blog2\/wp-json\/wp\/v2\/posts\/10358"}],"collection":[{"href":"https:\/\/vereinigung-professioneller-kinderfotografen.de\/blog2\/wp-json\/wp\/v2\/posts"}],"about":[{"href":"https:\/\/vereinigung-professioneller-kinderfotografen.de\/blog2\/wp-json\/wp\/v2\/types\/post"}],"author":[{"embeddable":true,"href":"https:\/\/vereinigung-professioneller-kinderfotografen.de\/blog2\/wp-json\/wp\/v2\/users\/2"}],"replies":[{"embeddable":true,"href":"https:\/\/vereinigung-professioneller-kinderfotografen.de\/blog2\/wp-json\/wp\/v2\/comments?post=10358"}],"version-history":[{"count":2,"href":"https:\/\/vereinigung-professioneller-kinderfotografen.de\/blog2\/wp-json\/wp\/v2\/posts\/10358\/revisions"}],"predecessor-version":[{"id":10393,"href":"https:\/\/vereinigung-professioneller-kinderfotografen.de\/blog2\/wp-json\/wp\/v2\/posts\/10358\/revisions\/10393"}],"wp:attachment":[{"href":"https:\/\/vereinigung-professioneller-kinderfotografen.de\/blog2\/wp-json\/wp\/v2\/media?parent=10358"}],"wp:term":[{"taxonomy":"category","embeddable":true,"href":"https:\/\/vereinigung-professioneller-kinderfotografen.de\/blog2\/wp-json\/wp\/v2\/categories?post=10358"},{"taxonomy":"post_tag","embeddable":true,"href":"https:\/\/vereinigung-professioneller-kinderfotografen.de\/blog2\/wp-json\/wp\/v2\/tags?post=10358"}],"curies":[{"name":"wp","href":"https:\/\/api.w.org\/{rel}","templated":true}]}}