{"id":10311,"date":"2017-11-24T09:00:09","date_gmt":"2017-11-24T07:00:09","guid":{"rendered":"http:\/\/vereinigung-professioneller-kinderfotografen.de\/blog2\/?p=10311"},"modified":"2017-11-19T23:05:28","modified_gmt":"2017-11-19T21:05:28","slug":"bezaubernde-zwillinge-im-studio-von-cornelia-moebes","status":"publish","type":"post","link":"https:\/\/vereinigung-professioneller-kinderfotografen.de\/blog2\/bezaubernde-zwillinge-im-studio-von-cornelia-moebes\/","title":{"rendered":"Bezaubernde Zwillinge im Studio von Cornelia M\u00f6bes"},"content":{"rendered":"<p>Unsere\u00a0Fotografin Cornelia M\u00f6bes aus der Zentralschweiz hatte vor kurzem wieder ein Zwillingswunder im Studio. Dieses P\u00e4rli (Junge und M\u00e4dchen) hat das Shooting ganz wundervoll gemeistert und es sind viele innige Bilder entstanden. Mehr Bilder von Babyfotografin Cornelia M\u00f6bes aus der Schweiz findet Ihr auf ihrer\u00a0<a href=\"http:\/\/www.corneliamoebes.ch\">Homepage<\/a>\u00a0sowie\u00a0ihrer\u00a0<a href=\"https:\/\/www.facebook.com\/corneliamoebesphotography\/\">Facebook-Seite<\/a>!<\/p>\n<p><img decoding=\"async\" loading=\"lazy\" class=\"aligncenter size-full wp-image-10344\" src=\"http:\/\/vereinigung-professioneller-kinderfotografen.de\/blog2\/wp-content\/uploads\/2017\/11\/19-10311-post\/Babyfotograf-Zuerich-Zug-Luzern-Zwillinge-Twins-Cornelia-Moebes-Photography-A7.jpg\" alt=\"\" width=\"1000\" height=\"667\" srcset=\"https:\/\/vereinigung-professioneller-kinderfotografen.de\/blog2\/wp-content\/uploads\/2017\/11\/19-10311-post\/Babyfotograf-Zuerich-Zug-Luzern-Zwillinge-Twins-Cornelia-Moebes-Photography-A7.jpg 1000w, https:\/\/vereinigung-professioneller-kinderfotografen.de\/blog2\/wp-content\/uploads\/2017\/11\/19-10311-post\/Babyfotograf-Zuerich-Zug-Luzern-Zwillinge-Twins-Cornelia-Moebes-Photography-A7-300x200.jpg 300w, https:\/\/vereinigung-professioneller-kinderfotografen.de\/blog2\/wp-content\/uploads\/2017\/11\/19-10311-post\/Babyfotograf-Zuerich-Zug-Luzern-Zwillinge-Twins-Cornelia-Moebes-Photography-A7-768x512.jpg 768w\" sizes=\"(max-width: 1000px) 100vw, 1000px\" \/><img decoding=\"async\" loading=\"lazy\" class=\"aligncenter size-full wp-image-10346\" src=\"http:\/\/vereinigung-professioneller-kinderfotografen.de\/blog2\/wp-content\/uploads\/2017\/11\/19-10311-post\/Babyfotograf-Zuerich-Zug-Luzern-Zwillinge-Twins-Cornelia-Moebes-Photography-A9.jpg\" alt=\"\" width=\"1000\" height=\"667\" srcset=\"https:\/\/vereinigung-professioneller-kinderfotografen.de\/blog2\/wp-content\/uploads\/2017\/11\/19-10311-post\/Babyfotograf-Zuerich-Zug-Luzern-Zwillinge-Twins-Cornelia-Moebes-Photography-A9.jpg 1000w, https:\/\/vereinigung-professioneller-kinderfotografen.de\/blog2\/wp-content\/uploads\/2017\/11\/19-10311-post\/Babyfotograf-Zuerich-Zug-Luzern-Zwillinge-Twins-Cornelia-Moebes-Photography-A9-300x200.jpg 300w, https:\/\/vereinigung-professioneller-kinderfotografen.de\/blog2\/wp-content\/uploads\/2017\/11\/19-10311-post\/Babyfotograf-Zuerich-Zug-Luzern-Zwillinge-Twins-Cornelia-Moebes-Photography-A9-768x512.jpg 768w\" sizes=\"(max-width: 1000px) 100vw, 1000px\" \/><img decoding=\"async\" loading=\"lazy\" class=\"aligncenter size-full wp-image-10343\" src=\"http:\/\/vereinigung-professioneller-kinderfotografen.de\/blog2\/wp-content\/uploads\/2017\/11\/19-10311-post\/Babyfotograf-Zuerich-Zug-Luzern-Zwillinge-Twins-Cornelia-Moebes-Photography-A5.jpg\" alt=\"\" width=\"1000\" height=\"667\" srcset=\"https:\/\/vereinigung-professioneller-kinderfotografen.de\/blog2\/wp-content\/uploads\/2017\/11\/19-10311-post\/Babyfotograf-Zuerich-Zug-Luzern-Zwillinge-Twins-Cornelia-Moebes-Photography-A5.jpg 1000w, https:\/\/vereinigung-professioneller-kinderfotografen.de\/blog2\/wp-content\/uploads\/2017\/11\/19-10311-post\/Babyfotograf-Zuerich-Zug-Luzern-Zwillinge-Twins-Cornelia-Moebes-Photography-A5-300x200.jpg 300w, https:\/\/vereinigung-professioneller-kinderfotografen.de\/blog2\/wp-content\/uploads\/2017\/11\/19-10311-post\/Babyfotograf-Zuerich-Zug-Luzern-Zwillinge-Twins-Cornelia-Moebes-Photography-A5-768x512.jpg 768w\" sizes=\"(max-width: 1000px) 100vw, 1000px\" \/><img decoding=\"async\" loading=\"lazy\" class=\"aligncenter size-full wp-image-10345\" src=\"http:\/\/vereinigung-professioneller-kinderfotografen.de\/blog2\/wp-content\/uploads\/2017\/11\/19-10311-post\/Babyfotograf-Zuerich-Zug-Luzern-Zwillinge-Twins-Cornelia-Moebes-Photography-A8.jpg\" alt=\"\" width=\"1000\" height=\"667\" srcset=\"https:\/\/vereinigung-professioneller-kinderfotografen.de\/blog2\/wp-content\/uploads\/2017\/11\/19-10311-post\/Babyfotograf-Zuerich-Zug-Luzern-Zwillinge-Twins-Cornelia-Moebes-Photography-A8.jpg 1000w, https:\/\/vereinigung-professioneller-kinderfotografen.de\/blog2\/wp-content\/uploads\/2017\/11\/19-10311-post\/Babyfotograf-Zuerich-Zug-Luzern-Zwillinge-Twins-Cornelia-Moebes-Photography-A8-300x200.jpg 300w, https:\/\/vereinigung-professioneller-kinderfotografen.de\/blog2\/wp-content\/uploads\/2017\/11\/19-10311-post\/Babyfotograf-Zuerich-Zug-Luzern-Zwillinge-Twins-Cornelia-Moebes-Photography-A8-768x512.jpg 768w\" sizes=\"(max-width: 1000px) 100vw, 1000px\" \/><img decoding=\"async\" loading=\"lazy\" class=\"aligncenter size-full wp-image-10342\" src=\"http:\/\/vereinigung-professioneller-kinderfotografen.de\/blog2\/wp-content\/uploads\/2017\/11\/19-10311-post\/Babyfotograf-Zuerich-Zug-Luzern-Zwillinge-Twins-Cornelia-Moebes-Photography-A4.jpg\" alt=\"\" width=\"1000\" height=\"667\" srcset=\"https:\/\/vereinigung-professioneller-kinderfotografen.de\/blog2\/wp-content\/uploads\/2017\/11\/19-10311-post\/Babyfotograf-Zuerich-Zug-Luzern-Zwillinge-Twins-Cornelia-Moebes-Photography-A4.jpg 1000w, https:\/\/vereinigung-professioneller-kinderfotografen.de\/blog2\/wp-content\/uploads\/2017\/11\/19-10311-post\/Babyfotograf-Zuerich-Zug-Luzern-Zwillinge-Twins-Cornelia-Moebes-Photography-A4-300x200.jpg 300w, https:\/\/vereinigung-professioneller-kinderfotografen.de\/blog2\/wp-content\/uploads\/2017\/11\/19-10311-post\/Babyfotograf-Zuerich-Zug-Luzern-Zwillinge-Twins-Cornelia-Moebes-Photography-A4-768x512.jpg 768w\" sizes=\"(max-width: 1000px) 100vw, 1000px\" \/><img decoding=\"async\" loading=\"lazy\" class=\"aligncenter size-full wp-image-10348\" src=\"http:\/\/vereinigung-professioneller-kinderfotografen.de\/blog2\/wp-content\/uploads\/2017\/11\/19-10311-post\/Babyfotograf-Zuerich-Zug-Luzern-Zwillinge-Twins-Cornelia-Moebes-Photography-A15.jpg\" alt=\"\" width=\"1000\" height=\"667\" srcset=\"https:\/\/vereinigung-professioneller-kinderfotografen.de\/blog2\/wp-content\/uploads\/2017\/11\/19-10311-post\/Babyfotograf-Zuerich-Zug-Luzern-Zwillinge-Twins-Cornelia-Moebes-Photography-A15.jpg 1000w, https:\/\/vereinigung-professioneller-kinderfotografen.de\/blog2\/wp-content\/uploads\/2017\/11\/19-10311-post\/Babyfotograf-Zuerich-Zug-Luzern-Zwillinge-Twins-Cornelia-Moebes-Photography-A15-300x200.jpg 300w, https:\/\/vereinigung-professioneller-kinderfotografen.de\/blog2\/wp-content\/uploads\/2017\/11\/19-10311-post\/Babyfotograf-Zuerich-Zug-Luzern-Zwillinge-Twins-Cornelia-Moebes-Photography-A15-768x512.jpg 768w\" sizes=\"(max-width: 1000px) 100vw, 1000px\" \/><img decoding=\"async\" loading=\"lazy\" class=\"aligncenter size-full wp-image-10351\" src=\"http:\/\/vereinigung-professioneller-kinderfotografen.de\/blog2\/wp-content\/uploads\/2017\/11\/19-10311-post\/Babyfotograf-Zuerich-Zug-Luzern-Zwillinge-Twins-Cornelia-Moebes-Photography-A23.jpg\" alt=\"\" width=\"1000\" height=\"667\" srcset=\"https:\/\/vereinigung-professioneller-kinderfotografen.de\/blog2\/wp-content\/uploads\/2017\/11\/19-10311-post\/Babyfotograf-Zuerich-Zug-Luzern-Zwillinge-Twins-Cornelia-Moebes-Photography-A23.jpg 1000w, https:\/\/vereinigung-professioneller-kinderfotografen.de\/blog2\/wp-content\/uploads\/2017\/11\/19-10311-post\/Babyfotograf-Zuerich-Zug-Luzern-Zwillinge-Twins-Cornelia-Moebes-Photography-A23-300x200.jpg 300w, https:\/\/vereinigung-professioneller-kinderfotografen.de\/blog2\/wp-content\/uploads\/2017\/11\/19-10311-post\/Babyfotograf-Zuerich-Zug-Luzern-Zwillinge-Twins-Cornelia-Moebes-Photography-A23-768x512.jpg 768w\" sizes=\"(max-width: 1000px) 100vw, 1000px\" \/><img decoding=\"async\" loading=\"lazy\" class=\"aligncenter size-full wp-image-10349\" src=\"http:\/\/vereinigung-professioneller-kinderfotografen.de\/blog2\/wp-content\/uploads\/2017\/11\/19-10311-post\/Babyfotograf-Zuerich-Zug-Luzern-Zwillinge-Twins-Cornelia-Moebes-Photography-A20.jpg\" alt=\"\" width=\"1000\" height=\"667\" srcset=\"https:\/\/vereinigung-professioneller-kinderfotografen.de\/blog2\/wp-content\/uploads\/2017\/11\/19-10311-post\/Babyfotograf-Zuerich-Zug-Luzern-Zwillinge-Twins-Cornelia-Moebes-Photography-A20.jpg 1000w, https:\/\/vereinigung-professioneller-kinderfotografen.de\/blog2\/wp-content\/uploads\/2017\/11\/19-10311-post\/Babyfotograf-Zuerich-Zug-Luzern-Zwillinge-Twins-Cornelia-Moebes-Photography-A20-300x200.jpg 300w, https:\/\/vereinigung-professioneller-kinderfotografen.de\/blog2\/wp-content\/uploads\/2017\/11\/19-10311-post\/Babyfotograf-Zuerich-Zug-Luzern-Zwillinge-Twins-Cornelia-Moebes-Photography-A20-768x512.jpg 768w\" sizes=\"(max-width: 1000px) 100vw, 1000px\" \/><img decoding=\"async\" loading=\"lazy\" class=\"aligncenter size-full wp-image-10354\" src=\"http:\/\/vereinigung-professioneller-kinderfotografen.de\/blog2\/wp-content\/uploads\/2017\/11\/19-10311-post\/Babyfotograf-Zuerich-Zug-Luzern-Zwillinge-Twins-Cornelia-Moebes-Photography-A29.jpg\" alt=\"\" width=\"1000\" height=\"667\" srcset=\"https:\/\/vereinigung-professioneller-kinderfotografen.de\/blog2\/wp-content\/uploads\/2017\/11\/19-10311-post\/Babyfotograf-Zuerich-Zug-Luzern-Zwillinge-Twins-Cornelia-Moebes-Photography-A29.jpg 1000w, https:\/\/vereinigung-professioneller-kinderfotografen.de\/blog2\/wp-content\/uploads\/2017\/11\/19-10311-post\/Babyfotograf-Zuerich-Zug-Luzern-Zwillinge-Twins-Cornelia-Moebes-Photography-A29-300x200.jpg 300w, https:\/\/vereinigung-professioneller-kinderfotografen.de\/blog2\/wp-content\/uploads\/2017\/11\/19-10311-post\/Babyfotograf-Zuerich-Zug-Luzern-Zwillinge-Twins-Cornelia-Moebes-Photography-A29-768x512.jpg 768w\" sizes=\"(max-width: 1000px) 100vw, 1000px\" \/><img decoding=\"async\" loading=\"lazy\" class=\"aligncenter size-full wp-image-10350\" src=\"http:\/\/vereinigung-professioneller-kinderfotografen.de\/blog2\/wp-content\/uploads\/2017\/11\/19-10311-post\/Babyfotograf-Zuerich-Zug-Luzern-Zwillinge-Twins-Cornelia-Moebes-Photography-A21.jpg\" alt=\"\" width=\"1000\" height=\"667\" srcset=\"https:\/\/vereinigung-professioneller-kinderfotografen.de\/blog2\/wp-content\/uploads\/2017\/11\/19-10311-post\/Babyfotograf-Zuerich-Zug-Luzern-Zwillinge-Twins-Cornelia-Moebes-Photography-A21.jpg 1000w, https:\/\/vereinigung-professioneller-kinderfotografen.de\/blog2\/wp-content\/uploads\/2017\/11\/19-10311-post\/Babyfotograf-Zuerich-Zug-Luzern-Zwillinge-Twins-Cornelia-Moebes-Photography-A21-300x200.jpg 300w, https:\/\/vereinigung-professioneller-kinderfotografen.de\/blog2\/wp-content\/uploads\/2017\/11\/19-10311-post\/Babyfotograf-Zuerich-Zug-Luzern-Zwillinge-Twins-Cornelia-Moebes-Photography-A21-768x512.jpg 768w\" sizes=\"(max-width: 1000px) 100vw, 1000px\" \/><img decoding=\"async\" loading=\"lazy\" class=\"aligncenter size-full wp-image-10352\" src=\"http:\/\/vereinigung-professioneller-kinderfotografen.de\/blog2\/wp-content\/uploads\/2017\/11\/19-10311-post\/Babyfotograf-Zuerich-Zug-Luzern-Zwillinge-Twins-Cornelia-Moebes-Photography-A26.jpg\" alt=\"\" width=\"1000\" height=\"667\" srcset=\"https:\/\/vereinigung-professioneller-kinderfotografen.de\/blog2\/wp-content\/uploads\/2017\/11\/19-10311-post\/Babyfotograf-Zuerich-Zug-Luzern-Zwillinge-Twins-Cornelia-Moebes-Photography-A26.jpg 1000w, https:\/\/vereinigung-professioneller-kinderfotografen.de\/blog2\/wp-content\/uploads\/2017\/11\/19-10311-post\/Babyfotograf-Zuerich-Zug-Luzern-Zwillinge-Twins-Cornelia-Moebes-Photography-A26-300x200.jpg 300w, https:\/\/vereinigung-professioneller-kinderfotografen.de\/blog2\/wp-content\/uploads\/2017\/11\/19-10311-post\/Babyfotograf-Zuerich-Zug-Luzern-Zwillinge-Twins-Cornelia-Moebes-Photography-A26-768x512.jpg 768w\" sizes=\"(max-width: 1000px) 100vw, 1000px\" \/><img decoding=\"async\" loading=\"lazy\" class=\"aligncenter size-full wp-image-10353\" src=\"http:\/\/vereinigung-professioneller-kinderfotografen.de\/blog2\/wp-content\/uploads\/2017\/11\/19-10311-post\/Babyfotograf-Zuerich-Zug-Luzern-Zwillinge-Twins-Cornelia-Moebes-Photography-A27.jpg\" alt=\"\" width=\"1000\" height=\"667\" srcset=\"https:\/\/vereinigung-professioneller-kinderfotografen.de\/blog2\/wp-content\/uploads\/2017\/11\/19-10311-post\/Babyfotograf-Zuerich-Zug-Luzern-Zwillinge-Twins-Cornelia-Moebes-Photography-A27.jpg 1000w, https:\/\/vereinigung-professioneller-kinderfotografen.de\/blog2\/wp-content\/uploads\/2017\/11\/19-10311-post\/Babyfotograf-Zuerich-Zug-Luzern-Zwillinge-Twins-Cornelia-Moebes-Photography-A27-300x200.jpg 300w, https:\/\/vereinigung-professioneller-kinderfotografen.de\/blog2\/wp-content\/uploads\/2017\/11\/19-10311-post\/Babyfotograf-Zuerich-Zug-Luzern-Zwillinge-Twins-Cornelia-Moebes-Photography-A27-768x512.jpg 768w\" sizes=\"(max-width: 1000px) 100vw, 1000px\" \/><img decoding=\"async\" loading=\"lazy\" class=\"aligncenter size-full wp-image-10356\" src=\"http:\/\/vereinigung-professioneller-kinderfotografen.de\/blog2\/wp-content\/uploads\/2017\/11\/19-10311-post\/Babyfotograf-Zuerich-Zug-Luzern-Zwillinge-Twins-Cornelia-Moebes-Photography-A35.jpg\" alt=\"\" width=\"1000\" height=\"667\" srcset=\"https:\/\/vereinigung-professioneller-kinderfotografen.de\/blog2\/wp-content\/uploads\/2017\/11\/19-10311-post\/Babyfotograf-Zuerich-Zug-Luzern-Zwillinge-Twins-Cornelia-Moebes-Photography-A35.jpg 1000w, https:\/\/vereinigung-professioneller-kinderfotografen.de\/blog2\/wp-content\/uploads\/2017\/11\/19-10311-post\/Babyfotograf-Zuerich-Zug-Luzern-Zwillinge-Twins-Cornelia-Moebes-Photography-A35-300x200.jpg 300w, https:\/\/vereinigung-professioneller-kinderfotografen.de\/blog2\/wp-content\/uploads\/2017\/11\/19-10311-post\/Babyfotograf-Zuerich-Zug-Luzern-Zwillinge-Twins-Cornelia-Moebes-Photography-A35-768x512.jpg 768w\" sizes=\"(max-width: 1000px) 100vw, 1000px\" \/><img decoding=\"async\" loading=\"lazy\" class=\"aligncenter size-full wp-image-10355\" src=\"http:\/\/vereinigung-professioneller-kinderfotografen.de\/blog2\/wp-content\/uploads\/2017\/11\/19-10311-post\/Babyfotograf-Zuerich-Zug-Luzern-Zwillinge-Twins-Cornelia-Moebes-Photography-A31.jpg\" alt=\"\" width=\"1000\" height=\"667\" srcset=\"https:\/\/vereinigung-professioneller-kinderfotografen.de\/blog2\/wp-content\/uploads\/2017\/11\/19-10311-post\/Babyfotograf-Zuerich-Zug-Luzern-Zwillinge-Twins-Cornelia-Moebes-Photography-A31.jpg 1000w, https:\/\/vereinigung-professioneller-kinderfotografen.de\/blog2\/wp-content\/uploads\/2017\/11\/19-10311-post\/Babyfotograf-Zuerich-Zug-Luzern-Zwillinge-Twins-Cornelia-Moebes-Photography-A31-300x200.jpg 300w, https:\/\/vereinigung-professioneller-kinderfotografen.de\/blog2\/wp-content\/uploads\/2017\/11\/19-10311-post\/Babyfotograf-Zuerich-Zug-Luzern-Zwillinge-Twins-Cornelia-Moebes-Photography-A31-768x512.jpg 768w\" sizes=\"(max-width: 1000px) 100vw, 1000px\" \/><img decoding=\"async\" loading=\"lazy\" class=\"aligncenter size-full wp-image-10347\" src=\"http:\/\/vereinigung-professioneller-kinderfotografen.de\/blog2\/wp-content\/uploads\/2017\/11\/19-10311-post\/Babyfotograf-Zuerich-Zug-Luzern-Zwillinge-Twins-Cornelia-Moebes-Photography-A10.jpg\" alt=\"\" width=\"1000\" height=\"667\" srcset=\"https:\/\/vereinigung-professioneller-kinderfotografen.de\/blog2\/wp-content\/uploads\/2017\/11\/19-10311-post\/Babyfotograf-Zuerich-Zug-Luzern-Zwillinge-Twins-Cornelia-Moebes-Photography-A10.jpg 1000w, https:\/\/vereinigung-professioneller-kinderfotografen.de\/blog2\/wp-content\/uploads\/2017\/11\/19-10311-post\/Babyfotograf-Zuerich-Zug-Luzern-Zwillinge-Twins-Cornelia-Moebes-Photography-A10-300x200.jpg 300w, https:\/\/vereinigung-professioneller-kinderfotografen.de\/blog2\/wp-content\/uploads\/2017\/11\/19-10311-post\/Babyfotograf-Zuerich-Zug-Luzern-Zwillinge-Twins-Cornelia-Moebes-Photography-A10-768x512.jpg 768w\" sizes=\"(max-width: 1000px) 100vw, 1000px\" \/><\/p>\n","protected":false},"excerpt":{"rendered":"<p>Unsere\u00a0Fotografin Cornelia M\u00f6bes aus der Zentralschweiz hatte vor kurzem wieder ein Zwillingswunder im Studio. Dieses P\u00e4rli (Junge und M\u00e4dchen) hat das Shooting ganz wundervoll gemeistert und es sind viele innige Bilder entstanden. Mehr Bilder von Babyfotografin Cornelia M\u00f6bes aus der Schweiz findet Ihr auf ihrer\u00a0Homepage\u00a0sowie\u00a0ihrer\u00a0Facebook-Seite!<\/p>\n","protected":false},"author":2,"featured_media":0,"comment_status":"closed","ping_status":"closed","sticky":false,"template":"","format":"standard","meta":{"pp_embeds":""},"categories":[918],"tags":[],"acf":[],"_links":{"self":[{"href":"https:\/\/vereinigung-professioneller-kinderfotografen.de\/blog2\/wp-json\/wp\/v2\/posts\/10311"}],"collection":[{"href":"https:\/\/vereinigung-professioneller-kinderfotografen.de\/blog2\/wp-json\/wp\/v2\/posts"}],"about":[{"href":"https:\/\/vereinigung-professioneller-kinderfotografen.de\/blog2\/wp-json\/wp\/v2\/types\/post"}],"author":[{"embeddable":true,"href":"https:\/\/vereinigung-professioneller-kinderfotografen.de\/blog2\/wp-json\/wp\/v2\/users\/2"}],"replies":[{"embeddable":true,"href":"https:\/\/vereinigung-professioneller-kinderfotografen.de\/blog2\/wp-json\/wp\/v2\/comments?post=10311"}],"version-history":[{"count":1,"href":"https:\/\/vereinigung-professioneller-kinderfotografen.de\/blog2\/wp-json\/wp\/v2\/posts\/10311\/revisions"}],"predecessor-version":[{"id":10357,"href":"https:\/\/vereinigung-professioneller-kinderfotografen.de\/blog2\/wp-json\/wp\/v2\/posts\/10311\/revisions\/10357"}],"wp:attachment":[{"href":"https:\/\/vereinigung-professioneller-kinderfotografen.de\/blog2\/wp-json\/wp\/v2\/media?parent=10311"}],"wp:term":[{"taxonomy":"category","embeddable":true,"href":"https:\/\/vereinigung-professioneller-kinderfotografen.de\/blog2\/wp-json\/wp\/v2\/categories?post=10311"},{"taxonomy":"post_tag","embeddable":true,"href":"https:\/\/vereinigung-professioneller-kinderfotografen.de\/blog2\/wp-json\/wp\/v2\/tags?post=10311"}],"curies":[{"name":"wp","href":"https:\/\/api.w.org\/{rel}","templated":true}]}}