{"id":10310,"date":"2017-11-20T08:05:22","date_gmt":"2017-11-20T06:05:22","guid":{"rendered":"http:\/\/vereinigung-professioneller-kinderfotografen.de\/blog2\/?p=10310"},"modified":"2017-11-19T22:59:35","modified_gmt":"2017-11-19T20:59:35","slug":"zuckersuesses-babymaedchen-babyfotos-von-julia-oehme-in-leipzig","status":"publish","type":"post","link":"https:\/\/vereinigung-professioneller-kinderfotografen.de\/blog2\/zuckersuesses-babymaedchen-babyfotos-von-julia-oehme-in-leipzig\/","title":{"rendered":"Zuckers\u00fc\u00dfes Babym\u00e4dchen | Babyfotos von Julia Oehme in Leipzig"},"content":{"rendered":"<p style=\"text-align: center\">Ist es bei euch auch schon so ungem\u00fctlich grau, kalt und nass? Was gibt es da sch\u00f6neres als ein wenig Sonne im Herzen!? Die soll euch heute das Lachen der s\u00fc\u00dfen Eva zaubern! Ein halbes Jahr war die kleine Maus alt als sie mich im Fotostudio in Leipzig besucht hat. Ich liebe es wie wahnsinnig viel die kleinen M\u00e4use in diesem Alter lachen. Und wenn sie nicht lachen, dann haben sie diesen zucker\u00fc\u00dfen ernsten Gesichtsausdruck und schauen einen mit ihren gro\u00dfen Baby-Strahleaugen an. Beides ist einfach zu Knutschen!<\/p>\n<p style=\"text-align: center\">Fotos: <a href=\"https:\/\/www.julia-oehme.de\/\" target=\"_blank\" rel=\"noopener\">Julia Oehme Fotografie &#8211; Fotograf in Leipzig<\/a><\/p>\n<p style=\"text-align: center\">\n<p><img decoding=\"async\" loading=\"lazy\" class=\"aligncenter size-full wp-image-10328\" src=\"http:\/\/vereinigung-professioneller-kinderfotografen.de\/blog2\/wp-content\/uploads\/2017\/11\/19-10310-post\/babyfotos-fotoshooting-baby-maedchen-leipzig-halle-chemnitz-dresden-babyfotoshooting-berlin-fotostudio-julia-oehme-babyfotografie-0617_0362.jpg\" alt=\"\" width=\"1000\" height=\"667\" srcset=\"https:\/\/vereinigung-professioneller-kinderfotografen.de\/blog2\/wp-content\/uploads\/2017\/11\/19-10310-post\/babyfotos-fotoshooting-baby-maedchen-leipzig-halle-chemnitz-dresden-babyfotoshooting-berlin-fotostudio-julia-oehme-babyfotografie-0617_0362.jpg 1000w, https:\/\/vereinigung-professioneller-kinderfotografen.de\/blog2\/wp-content\/uploads\/2017\/11\/19-10310-post\/babyfotos-fotoshooting-baby-maedchen-leipzig-halle-chemnitz-dresden-babyfotoshooting-berlin-fotostudio-julia-oehme-babyfotografie-0617_0362-300x200.jpg 300w, https:\/\/vereinigung-professioneller-kinderfotografen.de\/blog2\/wp-content\/uploads\/2017\/11\/19-10310-post\/babyfotos-fotoshooting-baby-maedchen-leipzig-halle-chemnitz-dresden-babyfotoshooting-berlin-fotostudio-julia-oehme-babyfotografie-0617_0362-768x512.jpg 768w\" sizes=\"(max-width: 1000px) 100vw, 1000px\" \/><img decoding=\"async\" loading=\"lazy\" class=\"aligncenter size-full wp-image-10329\" src=\"http:\/\/vereinigung-professioneller-kinderfotografen.de\/blog2\/wp-content\/uploads\/2017\/11\/19-10310-post\/babyfotos-fotoshooting-baby-maedchen-leipzig-halle-chemnitz-dresden-babyfotoshooting-berlin-fotostudio-julia-oehme-babyfotografie-0617_0363.jpg\" alt=\"\" width=\"1000\" height=\"667\" srcset=\"https:\/\/vereinigung-professioneller-kinderfotografen.de\/blog2\/wp-content\/uploads\/2017\/11\/19-10310-post\/babyfotos-fotoshooting-baby-maedchen-leipzig-halle-chemnitz-dresden-babyfotoshooting-berlin-fotostudio-julia-oehme-babyfotografie-0617_0363.jpg 1000w, https:\/\/vereinigung-professioneller-kinderfotografen.de\/blog2\/wp-content\/uploads\/2017\/11\/19-10310-post\/babyfotos-fotoshooting-baby-maedchen-leipzig-halle-chemnitz-dresden-babyfotoshooting-berlin-fotostudio-julia-oehme-babyfotografie-0617_0363-300x200.jpg 300w, https:\/\/vereinigung-professioneller-kinderfotografen.de\/blog2\/wp-content\/uploads\/2017\/11\/19-10310-post\/babyfotos-fotoshooting-baby-maedchen-leipzig-halle-chemnitz-dresden-babyfotoshooting-berlin-fotostudio-julia-oehme-babyfotografie-0617_0363-768x512.jpg 768w\" sizes=\"(max-width: 1000px) 100vw, 1000px\" \/><img decoding=\"async\" loading=\"lazy\" class=\"aligncenter size-full wp-image-10335\" src=\"http:\/\/vereinigung-professioneller-kinderfotografen.de\/blog2\/wp-content\/uploads\/2017\/11\/19-10310-post\/babyfotos-fotoshooting-baby-maedchen-leipzig-halle-chemnitz-dresden-babyfotoshooting-berlin-fotostudio-julia-oehme-babyfotografie-0617_0369.jpg\" alt=\"\" width=\"1000\" height=\"667\" srcset=\"https:\/\/vereinigung-professioneller-kinderfotografen.de\/blog2\/wp-content\/uploads\/2017\/11\/19-10310-post\/babyfotos-fotoshooting-baby-maedchen-leipzig-halle-chemnitz-dresden-babyfotoshooting-berlin-fotostudio-julia-oehme-babyfotografie-0617_0369.jpg 1000w, https:\/\/vereinigung-professioneller-kinderfotografen.de\/blog2\/wp-content\/uploads\/2017\/11\/19-10310-post\/babyfotos-fotoshooting-baby-maedchen-leipzig-halle-chemnitz-dresden-babyfotoshooting-berlin-fotostudio-julia-oehme-babyfotografie-0617_0369-300x200.jpg 300w, https:\/\/vereinigung-professioneller-kinderfotografen.de\/blog2\/wp-content\/uploads\/2017\/11\/19-10310-post\/babyfotos-fotoshooting-baby-maedchen-leipzig-halle-chemnitz-dresden-babyfotoshooting-berlin-fotostudio-julia-oehme-babyfotografie-0617_0369-768x512.jpg 768w\" sizes=\"(max-width: 1000px) 100vw, 1000px\" \/><img decoding=\"async\" loading=\"lazy\" class=\"aligncenter size-full wp-image-10330\" src=\"http:\/\/vereinigung-professioneller-kinderfotografen.de\/blog2\/wp-content\/uploads\/2017\/11\/19-10310-post\/babyfotos-fotoshooting-baby-maedchen-leipzig-halle-chemnitz-dresden-babyfotoshooting-berlin-fotostudio-julia-oehme-babyfotografie-0617_0364.jpg\" alt=\"\" width=\"1000\" height=\"220\" srcset=\"https:\/\/vereinigung-professioneller-kinderfotografen.de\/blog2\/wp-content\/uploads\/2017\/11\/19-10310-post\/babyfotos-fotoshooting-baby-maedchen-leipzig-halle-chemnitz-dresden-babyfotoshooting-berlin-fotostudio-julia-oehme-babyfotografie-0617_0364.jpg 1000w, https:\/\/vereinigung-professioneller-kinderfotografen.de\/blog2\/wp-content\/uploads\/2017\/11\/19-10310-post\/babyfotos-fotoshooting-baby-maedchen-leipzig-halle-chemnitz-dresden-babyfotoshooting-berlin-fotostudio-julia-oehme-babyfotografie-0617_0364-300x66.jpg 300w, https:\/\/vereinigung-professioneller-kinderfotografen.de\/blog2\/wp-content\/uploads\/2017\/11\/19-10310-post\/babyfotos-fotoshooting-baby-maedchen-leipzig-halle-chemnitz-dresden-babyfotoshooting-berlin-fotostudio-julia-oehme-babyfotografie-0617_0364-768x169.jpg 768w\" sizes=\"(max-width: 1000px) 100vw, 1000px\" \/><img decoding=\"async\" loading=\"lazy\" class=\"aligncenter size-full wp-image-10333\" src=\"http:\/\/vereinigung-professioneller-kinderfotografen.de\/blog2\/wp-content\/uploads\/2017\/11\/19-10310-post\/babyfotos-fotoshooting-baby-maedchen-leipzig-halle-chemnitz-dresden-babyfotoshooting-berlin-fotostudio-julia-oehme-babyfotografie-0617_0367.jpg\" alt=\"\" width=\"1000\" height=\"667\" srcset=\"https:\/\/vereinigung-professioneller-kinderfotografen.de\/blog2\/wp-content\/uploads\/2017\/11\/19-10310-post\/babyfotos-fotoshooting-baby-maedchen-leipzig-halle-chemnitz-dresden-babyfotoshooting-berlin-fotostudio-julia-oehme-babyfotografie-0617_0367.jpg 1000w, https:\/\/vereinigung-professioneller-kinderfotografen.de\/blog2\/wp-content\/uploads\/2017\/11\/19-10310-post\/babyfotos-fotoshooting-baby-maedchen-leipzig-halle-chemnitz-dresden-babyfotoshooting-berlin-fotostudio-julia-oehme-babyfotografie-0617_0367-300x200.jpg 300w, https:\/\/vereinigung-professioneller-kinderfotografen.de\/blog2\/wp-content\/uploads\/2017\/11\/19-10310-post\/babyfotos-fotoshooting-baby-maedchen-leipzig-halle-chemnitz-dresden-babyfotoshooting-berlin-fotostudio-julia-oehme-babyfotografie-0617_0367-768x512.jpg 768w\" sizes=\"(max-width: 1000px) 100vw, 1000px\" \/><img decoding=\"async\" loading=\"lazy\" class=\"aligncenter size-full wp-image-10331\" src=\"http:\/\/vereinigung-professioneller-kinderfotografen.de\/blog2\/wp-content\/uploads\/2017\/11\/19-10310-post\/babyfotos-fotoshooting-baby-maedchen-leipzig-halle-chemnitz-dresden-babyfotoshooting-berlin-fotostudio-julia-oehme-babyfotografie-0617_0365.jpg\" alt=\"\" width=\"1000\" height=\"667\" srcset=\"https:\/\/vereinigung-professioneller-kinderfotografen.de\/blog2\/wp-content\/uploads\/2017\/11\/19-10310-post\/babyfotos-fotoshooting-baby-maedchen-leipzig-halle-chemnitz-dresden-babyfotoshooting-berlin-fotostudio-julia-oehme-babyfotografie-0617_0365.jpg 1000w, https:\/\/vereinigung-professioneller-kinderfotografen.de\/blog2\/wp-content\/uploads\/2017\/11\/19-10310-post\/babyfotos-fotoshooting-baby-maedchen-leipzig-halle-chemnitz-dresden-babyfotoshooting-berlin-fotostudio-julia-oehme-babyfotografie-0617_0365-300x200.jpg 300w, https:\/\/vereinigung-professioneller-kinderfotografen.de\/blog2\/wp-content\/uploads\/2017\/11\/19-10310-post\/babyfotos-fotoshooting-baby-maedchen-leipzig-halle-chemnitz-dresden-babyfotoshooting-berlin-fotostudio-julia-oehme-babyfotografie-0617_0365-768x512.jpg 768w\" sizes=\"(max-width: 1000px) 100vw, 1000px\" \/><img decoding=\"async\" loading=\"lazy\" class=\"aligncenter size-full wp-image-10334\" src=\"http:\/\/vereinigung-professioneller-kinderfotografen.de\/blog2\/wp-content\/uploads\/2017\/11\/19-10310-post\/babyfotos-fotoshooting-baby-maedchen-leipzig-halle-chemnitz-dresden-babyfotoshooting-berlin-fotostudio-julia-oehme-babyfotografie-0617_0368.jpg\" alt=\"\" width=\"1000\" height=\"667\" srcset=\"https:\/\/vereinigung-professioneller-kinderfotografen.de\/blog2\/wp-content\/uploads\/2017\/11\/19-10310-post\/babyfotos-fotoshooting-baby-maedchen-leipzig-halle-chemnitz-dresden-babyfotoshooting-berlin-fotostudio-julia-oehme-babyfotografie-0617_0368.jpg 1000w, https:\/\/vereinigung-professioneller-kinderfotografen.de\/blog2\/wp-content\/uploads\/2017\/11\/19-10310-post\/babyfotos-fotoshooting-baby-maedchen-leipzig-halle-chemnitz-dresden-babyfotoshooting-berlin-fotostudio-julia-oehme-babyfotografie-0617_0368-300x200.jpg 300w, https:\/\/vereinigung-professioneller-kinderfotografen.de\/blog2\/wp-content\/uploads\/2017\/11\/19-10310-post\/babyfotos-fotoshooting-baby-maedchen-leipzig-halle-chemnitz-dresden-babyfotoshooting-berlin-fotostudio-julia-oehme-babyfotografie-0617_0368-768x512.jpg 768w\" sizes=\"(max-width: 1000px) 100vw, 1000px\" \/><img decoding=\"async\" loading=\"lazy\" class=\"aligncenter size-full wp-image-10332\" src=\"http:\/\/vereinigung-professioneller-kinderfotografen.de\/blog2\/wp-content\/uploads\/2017\/11\/19-10310-post\/babyfotos-fotoshooting-baby-maedchen-leipzig-halle-chemnitz-dresden-babyfotoshooting-berlin-fotostudio-julia-oehme-babyfotografie-0617_0366.jpg\" alt=\"\" width=\"1000\" height=\"667\" srcset=\"https:\/\/vereinigung-professioneller-kinderfotografen.de\/blog2\/wp-content\/uploads\/2017\/11\/19-10310-post\/babyfotos-fotoshooting-baby-maedchen-leipzig-halle-chemnitz-dresden-babyfotoshooting-berlin-fotostudio-julia-oehme-babyfotografie-0617_0366.jpg 1000w, https:\/\/vereinigung-professioneller-kinderfotografen.de\/blog2\/wp-content\/uploads\/2017\/11\/19-10310-post\/babyfotos-fotoshooting-baby-maedchen-leipzig-halle-chemnitz-dresden-babyfotoshooting-berlin-fotostudio-julia-oehme-babyfotografie-0617_0366-300x200.jpg 300w, https:\/\/vereinigung-professioneller-kinderfotografen.de\/blog2\/wp-content\/uploads\/2017\/11\/19-10310-post\/babyfotos-fotoshooting-baby-maedchen-leipzig-halle-chemnitz-dresden-babyfotoshooting-berlin-fotostudio-julia-oehme-babyfotografie-0617_0366-768x512.jpg 768w\" sizes=\"(max-width: 1000px) 100vw, 1000px\" \/><img decoding=\"async\" loading=\"lazy\" class=\"aligncenter size-full wp-image-10336\" src=\"http:\/\/vereinigung-professioneller-kinderfotografen.de\/blog2\/wp-content\/uploads\/2017\/11\/19-10310-post\/babyfotos-fotoshooting-baby-maedchen-leipzig-halle-chemnitz-dresden-babyfotoshooting-berlin-fotostudio-julia-oehme-babyfotografie-0617_0370.jpg\" alt=\"baby m\u00e4dchen \" width=\"1000\" height=\"667\" srcset=\"https:\/\/vereinigung-professioneller-kinderfotografen.de\/blog2\/wp-content\/uploads\/2017\/11\/19-10310-post\/babyfotos-fotoshooting-baby-maedchen-leipzig-halle-chemnitz-dresden-babyfotoshooting-berlin-fotostudio-julia-oehme-babyfotografie-0617_0370.jpg 1000w, https:\/\/vereinigung-professioneller-kinderfotografen.de\/blog2\/wp-content\/uploads\/2017\/11\/19-10310-post\/babyfotos-fotoshooting-baby-maedchen-leipzig-halle-chemnitz-dresden-babyfotoshooting-berlin-fotostudio-julia-oehme-babyfotografie-0617_0370-300x200.jpg 300w, https:\/\/vereinigung-professioneller-kinderfotografen.de\/blog2\/wp-content\/uploads\/2017\/11\/19-10310-post\/babyfotos-fotoshooting-baby-maedchen-leipzig-halle-chemnitz-dresden-babyfotoshooting-berlin-fotostudio-julia-oehme-babyfotografie-0617_0370-768x512.jpg 768w\" sizes=\"(max-width: 1000px) 100vw, 1000px\" \/><\/p>\n","protected":false},"excerpt":{"rendered":"<p>Ist es bei euch auch schon so ungem\u00fctlich grau, kalt und nass? Was gibt es da sch\u00f6neres als ein wenig Sonne im Herzen!? Die soll euch heute das Lachen der s\u00fc\u00dfen Eva zaubern! Ein halbes Jahr war die kleine Maus alt als sie mich im Fotostudio in Leipzig besucht hat. Ich liebe es wie wahnsinnig...<\/p>\n","protected":false},"author":2,"featured_media":10335,"comment_status":"closed","ping_status":"closed","sticky":false,"template":"","format":"standard","meta":{"pp_embeds":""},"categories":[253],"tags":[130,12,575,24,83,10,1181,16,11,247,354,61,6,1182,322,252,663,284,110,45,44,55,287,1183,19,484],"acf":[],"_links":{"self":[{"href":"https:\/\/vereinigung-professioneller-kinderfotografen.de\/blog2\/wp-json\/wp\/v2\/posts\/10310"}],"collection":[{"href":"https:\/\/vereinigung-professioneller-kinderfotografen.de\/blog2\/wp-json\/wp\/v2\/posts"}],"about":[{"href":"https:\/\/vereinigung-professioneller-kinderfotografen.de\/blog2\/wp-json\/wp\/v2\/types\/post"}],"author":[{"embeddable":true,"href":"https:\/\/vereinigung-professioneller-kinderfotografen.de\/blog2\/wp-json\/wp\/v2\/users\/2"}],"replies":[{"embeddable":true,"href":"https:\/\/vereinigung-professioneller-kinderfotografen.de\/blog2\/wp-json\/wp\/v2\/comments?post=10310"}],"version-history":[{"count":1,"href":"https:\/\/vereinigung-professioneller-kinderfotografen.de\/blog2\/wp-json\/wp\/v2\/posts\/10310\/revisions"}],"predecessor-version":[{"id":10341,"href":"https:\/\/vereinigung-professioneller-kinderfotografen.de\/blog2\/wp-json\/wp\/v2\/posts\/10310\/revisions\/10341"}],"wp:featuredmedia":[{"embeddable":true,"href":"https:\/\/vereinigung-professioneller-kinderfotografen.de\/blog2\/wp-json\/wp\/v2\/media\/10335"}],"wp:attachment":[{"href":"https:\/\/vereinigung-professioneller-kinderfotografen.de\/blog2\/wp-json\/wp\/v2\/media?parent=10310"}],"wp:term":[{"taxonomy":"category","embeddable":true,"href":"https:\/\/vereinigung-professioneller-kinderfotografen.de\/blog2\/wp-json\/wp\/v2\/categories?post=10310"},{"taxonomy":"post_tag","embeddable":true,"href":"https:\/\/vereinigung-professioneller-kinderfotografen.de\/blog2\/wp-json\/wp\/v2\/tags?post=10310"}],"curies":[{"name":"wp","href":"https:\/\/api.w.org\/{rel}","templated":true}]}}