{"id":10161,"date":"2017-11-13T05:42:04","date_gmt":"2017-11-13T03:42:04","guid":{"rendered":"http:\/\/vereinigung-professioneller-kinderfotografen.de\/blog2\/?p=10161"},"modified":"2017-11-12T22:47:40","modified_gmt":"2017-11-12T20:47:40","slug":"neugeborenenfotos_rosenheim_8-2","status":"publish","type":"post","link":"https:\/\/vereinigung-professioneller-kinderfotografen.de\/blog2\/neugeborenenfotos_rosenheim_8-2\/","title":{"rendered":"Neugeborenenfotos Rosenheim | Yvonne Grimmeis"},"content":{"rendered":"<p>Vor 3 Jahren durfte unsere Fotografin Yvonne Grimmeis die kleine Sophia als Neugeborene fotografieren. Nun war sie im Oktober wieder bei ihr und hat ihr kleine Schwester Eva mitgebracht.<\/p>\n<p>Die beiden h\u00fcbschen M\u00e4dchen aus Raubling (Landkreis Rosenheim) haben ihre Sache wirklich toll gemacht und es sind viele sch\u00f6ne Erinnerungen entstanden.<\/p>\n<p>Wenn ihr mehr von Yvonne Grimmeis sehen m\u00f6chtet, k\u00f6nnt ihr gerne bei ihr vorbeischauen:<br \/>\nFacebook:\u00a0<a href=\"https:\/\/www.facebook.com\/yvonnegrimmeis\/\" target=\"_blank\" rel=\"noopener noreferrer\">hier klicken<\/a><br \/>\nHomepage:\u00a0<a href=\"http:\/\/yvonne-grimmeis.de\" target=\"_blank\" rel=\"noopener noreferrer\">hier klicken<\/a><\/p>\n<p><img decoding=\"async\" loading=\"lazy\" class=\"aligncenter size-full wp-image-10164\" src=\"http:\/\/vereinigung-professioneller-kinderfotografen.de\/blog2\/wp-content\/uploads\/2017\/11\/12-10161-post\/Babyfotos_Rosenheim.jpg\" alt=\"\" width=\"2000\" height=\"1333\" srcset=\"https:\/\/vereinigung-professioneller-kinderfotografen.de\/blog2\/wp-content\/uploads\/2017\/11\/12-10161-post\/Babyfotos_Rosenheim.jpg 2000w, https:\/\/vereinigung-professioneller-kinderfotografen.de\/blog2\/wp-content\/uploads\/2017\/11\/12-10161-post\/Babyfotos_Rosenheim-300x200.jpg 300w, https:\/\/vereinigung-professioneller-kinderfotografen.de\/blog2\/wp-content\/uploads\/2017\/11\/12-10161-post\/Babyfotos_Rosenheim-768x512.jpg 768w, https:\/\/vereinigung-professioneller-kinderfotografen.de\/blog2\/wp-content\/uploads\/2017\/11\/12-10161-post\/Babyfotos_Rosenheim-1024x682.jpg 1024w\" sizes=\"(max-width: 2000px) 100vw, 2000px\" \/><img decoding=\"async\" loading=\"lazy\" class=\"aligncenter size-full wp-image-10162\" src=\"http:\/\/vereinigung-professioneller-kinderfotografen.de\/blog2\/wp-content\/uploads\/2017\/11\/12-10161-post\/Babyfotos_Ebersberg.jpg\" alt=\"\" width=\"2000\" height=\"1331\" srcset=\"https:\/\/vereinigung-professioneller-kinderfotografen.de\/blog2\/wp-content\/uploads\/2017\/11\/12-10161-post\/Babyfotos_Ebersberg.jpg 2000w, https:\/\/vereinigung-professioneller-kinderfotografen.de\/blog2\/wp-content\/uploads\/2017\/11\/12-10161-post\/Babyfotos_Ebersberg-300x200.jpg 300w, https:\/\/vereinigung-professioneller-kinderfotografen.de\/blog2\/wp-content\/uploads\/2017\/11\/12-10161-post\/Babyfotos_Ebersberg-768x511.jpg 768w, https:\/\/vereinigung-professioneller-kinderfotografen.de\/blog2\/wp-content\/uploads\/2017\/11\/12-10161-post\/Babyfotos_Ebersberg-1024x681.jpg 1024w\" sizes=\"(max-width: 2000px) 100vw, 2000px\" \/><img decoding=\"async\" loading=\"lazy\" class=\"aligncenter size-full wp-image-10165\" src=\"http:\/\/vereinigung-professioneller-kinderfotografen.de\/blog2\/wp-content\/uploads\/2017\/11\/12-10161-post\/Babyfotos_Traunstein.jpg\" alt=\"\" width=\"2000\" height=\"1331\" srcset=\"https:\/\/vereinigung-professioneller-kinderfotografen.de\/blog2\/wp-content\/uploads\/2017\/11\/12-10161-post\/Babyfotos_Traunstein.jpg 2000w, https:\/\/vereinigung-professioneller-kinderfotografen.de\/blog2\/wp-content\/uploads\/2017\/11\/12-10161-post\/Babyfotos_Traunstein-300x200.jpg 300w, https:\/\/vereinigung-professioneller-kinderfotografen.de\/blog2\/wp-content\/uploads\/2017\/11\/12-10161-post\/Babyfotos_Traunstein-768x511.jpg 768w, https:\/\/vereinigung-professioneller-kinderfotografen.de\/blog2\/wp-content\/uploads\/2017\/11\/12-10161-post\/Babyfotos_Traunstein-1024x681.jpg 1024w\" sizes=\"(max-width: 2000px) 100vw, 2000px\" \/><img decoding=\"async\" loading=\"lazy\" class=\"aligncenter size-full wp-image-10170\" src=\"http:\/\/vereinigung-professioneller-kinderfotografen.de\/blog2\/wp-content\/uploads\/2017\/11\/12-10161-post\/Neugeborenenfotos_Muenchen.jpg\" alt=\"\" width=\"2000\" height=\"1331\" srcset=\"https:\/\/vereinigung-professioneller-kinderfotografen.de\/blog2\/wp-content\/uploads\/2017\/11\/12-10161-post\/Neugeborenenfotos_Muenchen.jpg 2000w, https:\/\/vereinigung-professioneller-kinderfotografen.de\/blog2\/wp-content\/uploads\/2017\/11\/12-10161-post\/Neugeborenenfotos_Muenchen-300x200.jpg 300w, https:\/\/vereinigung-professioneller-kinderfotografen.de\/blog2\/wp-content\/uploads\/2017\/11\/12-10161-post\/Neugeborenenfotos_Muenchen-768x511.jpg 768w, https:\/\/vereinigung-professioneller-kinderfotografen.de\/blog2\/wp-content\/uploads\/2017\/11\/12-10161-post\/Neugeborenenfotos_Muenchen-1024x681.jpg 1024w\" sizes=\"(max-width: 2000px) 100vw, 2000px\" \/><img decoding=\"async\" loading=\"lazy\" class=\"aligncenter size-full wp-image-10167\" src=\"http:\/\/vereinigung-professioneller-kinderfotografen.de\/blog2\/wp-content\/uploads\/2017\/11\/12-10161-post\/Kinderfotos_Rosenheim.jpg\" alt=\"\" width=\"2000\" height=\"1331\" srcset=\"https:\/\/vereinigung-professioneller-kinderfotografen.de\/blog2\/wp-content\/uploads\/2017\/11\/12-10161-post\/Kinderfotos_Rosenheim.jpg 2000w, https:\/\/vereinigung-professioneller-kinderfotografen.de\/blog2\/wp-content\/uploads\/2017\/11\/12-10161-post\/Kinderfotos_Rosenheim-300x200.jpg 300w, https:\/\/vereinigung-professioneller-kinderfotografen.de\/blog2\/wp-content\/uploads\/2017\/11\/12-10161-post\/Kinderfotos_Rosenheim-768x511.jpg 768w, https:\/\/vereinigung-professioneller-kinderfotografen.de\/blog2\/wp-content\/uploads\/2017\/11\/12-10161-post\/Kinderfotos_Rosenheim-1024x681.jpg 1024w\" sizes=\"(max-width: 2000px) 100vw, 2000px\" \/><img decoding=\"async\" loading=\"lazy\" class=\"aligncenter size-full wp-image-10172\" src=\"http:\/\/vereinigung-professioneller-kinderfotografen.de\/blog2\/wp-content\/uploads\/2017\/11\/12-10161-post\/Neugeborenenfotos_Traunstein.jpg\" alt=\"\" width=\"2000\" height=\"1330\" srcset=\"https:\/\/vereinigung-professioneller-kinderfotografen.de\/blog2\/wp-content\/uploads\/2017\/11\/12-10161-post\/Neugeborenenfotos_Traunstein.jpg 2000w, https:\/\/vereinigung-professioneller-kinderfotografen.de\/blog2\/wp-content\/uploads\/2017\/11\/12-10161-post\/Neugeborenenfotos_Traunstein-300x200.jpg 300w, https:\/\/vereinigung-professioneller-kinderfotografen.de\/blog2\/wp-content\/uploads\/2017\/11\/12-10161-post\/Neugeborenenfotos_Traunstein-768x511.jpg 768w, https:\/\/vereinigung-professioneller-kinderfotografen.de\/blog2\/wp-content\/uploads\/2017\/11\/12-10161-post\/Neugeborenenfotos_Traunstein-1024x681.jpg 1024w\" sizes=\"(max-width: 2000px) 100vw, 2000px\" \/><img decoding=\"async\" loading=\"lazy\" class=\"aligncenter size-full wp-image-10168\" src=\"http:\/\/vereinigung-professioneller-kinderfotografen.de\/blog2\/wp-content\/uploads\/2017\/11\/12-10161-post\/Kinderfotos_Traunstein.jpg\" alt=\"\" width=\"2000\" height=\"1331\" srcset=\"https:\/\/vereinigung-professioneller-kinderfotografen.de\/blog2\/wp-content\/uploads\/2017\/11\/12-10161-post\/Kinderfotos_Traunstein.jpg 2000w, https:\/\/vereinigung-professioneller-kinderfotografen.de\/blog2\/wp-content\/uploads\/2017\/11\/12-10161-post\/Kinderfotos_Traunstein-300x200.jpg 300w, https:\/\/vereinigung-professioneller-kinderfotografen.de\/blog2\/wp-content\/uploads\/2017\/11\/12-10161-post\/Kinderfotos_Traunstein-768x511.jpg 768w, https:\/\/vereinigung-professioneller-kinderfotografen.de\/blog2\/wp-content\/uploads\/2017\/11\/12-10161-post\/Kinderfotos_Traunstein-1024x681.jpg 1024w\" sizes=\"(max-width: 2000px) 100vw, 2000px\" \/><img decoding=\"async\" loading=\"lazy\" class=\"aligncenter size-full wp-image-10171\" src=\"http:\/\/vereinigung-professioneller-kinderfotografen.de\/blog2\/wp-content\/uploads\/2017\/11\/12-10161-post\/Neugeborenenfotos_Rosenheim.jpg\" alt=\"\" width=\"2000\" height=\"1331\" srcset=\"https:\/\/vereinigung-professioneller-kinderfotografen.de\/blog2\/wp-content\/uploads\/2017\/11\/12-10161-post\/Neugeborenenfotos_Rosenheim.jpg 2000w, https:\/\/vereinigung-professioneller-kinderfotografen.de\/blog2\/wp-content\/uploads\/2017\/11\/12-10161-post\/Neugeborenenfotos_Rosenheim-300x200.jpg 300w, https:\/\/vereinigung-professioneller-kinderfotografen.de\/blog2\/wp-content\/uploads\/2017\/11\/12-10161-post\/Neugeborenenfotos_Rosenheim-768x511.jpg 768w, https:\/\/vereinigung-professioneller-kinderfotografen.de\/blog2\/wp-content\/uploads\/2017\/11\/12-10161-post\/Neugeborenenfotos_Rosenheim-1024x681.jpg 1024w\" sizes=\"(max-width: 2000px) 100vw, 2000px\" \/><img decoding=\"async\" loading=\"lazy\" class=\"aligncenter size-full wp-image-10163\" src=\"http:\/\/vereinigung-professioneller-kinderfotografen.de\/blog2\/wp-content\/uploads\/2017\/11\/12-10161-post\/Babyfotos_Muenchen.jpg\" alt=\"\" width=\"2000\" height=\"1331\" srcset=\"https:\/\/vereinigung-professioneller-kinderfotografen.de\/blog2\/wp-content\/uploads\/2017\/11\/12-10161-post\/Babyfotos_Muenchen.jpg 2000w, https:\/\/vereinigung-professioneller-kinderfotografen.de\/blog2\/wp-content\/uploads\/2017\/11\/12-10161-post\/Babyfotos_Muenchen-300x200.jpg 300w, https:\/\/vereinigung-professioneller-kinderfotografen.de\/blog2\/wp-content\/uploads\/2017\/11\/12-10161-post\/Babyfotos_Muenchen-768x511.jpg 768w, https:\/\/vereinigung-professioneller-kinderfotografen.de\/blog2\/wp-content\/uploads\/2017\/11\/12-10161-post\/Babyfotos_Muenchen-1024x681.jpg 1024w\" sizes=\"(max-width: 2000px) 100vw, 2000px\" \/><img decoding=\"async\" loading=\"lazy\" class=\"aligncenter size-full wp-image-10169\" src=\"http:\/\/vereinigung-professioneller-kinderfotografen.de\/blog2\/wp-content\/uploads\/2017\/11\/12-10161-post\/Neugeborenenfotos_Ebersberg.jpg\" alt=\"\" width=\"2000\" height=\"1331\" srcset=\"https:\/\/vereinigung-professioneller-kinderfotografen.de\/blog2\/wp-content\/uploads\/2017\/11\/12-10161-post\/Neugeborenenfotos_Ebersberg.jpg 2000w, https:\/\/vereinigung-professioneller-kinderfotografen.de\/blog2\/wp-content\/uploads\/2017\/11\/12-10161-post\/Neugeborenenfotos_Ebersberg-300x200.jpg 300w, https:\/\/vereinigung-professioneller-kinderfotografen.de\/blog2\/wp-content\/uploads\/2017\/11\/12-10161-post\/Neugeborenenfotos_Ebersberg-768x511.jpg 768w, https:\/\/vereinigung-professioneller-kinderfotografen.de\/blog2\/wp-content\/uploads\/2017\/11\/12-10161-post\/Neugeborenenfotos_Ebersberg-1024x681.jpg 1024w\" sizes=\"(max-width: 2000px) 100vw, 2000px\" \/><img decoding=\"async\" loading=\"lazy\" class=\"aligncenter size-full wp-image-10166\" src=\"http:\/\/vereinigung-professioneller-kinderfotografen.de\/blog2\/wp-content\/uploads\/2017\/11\/12-10161-post\/Familienfotos_Rosenheim.jpg\" alt=\"\" width=\"2000\" height=\"1331\" srcset=\"https:\/\/vereinigung-professioneller-kinderfotografen.de\/blog2\/wp-content\/uploads\/2017\/11\/12-10161-post\/Familienfotos_Rosenheim.jpg 2000w, https:\/\/vereinigung-professioneller-kinderfotografen.de\/blog2\/wp-content\/uploads\/2017\/11\/12-10161-post\/Familienfotos_Rosenheim-300x200.jpg 300w, https:\/\/vereinigung-professioneller-kinderfotografen.de\/blog2\/wp-content\/uploads\/2017\/11\/12-10161-post\/Familienfotos_Rosenheim-768x511.jpg 768w, https:\/\/vereinigung-professioneller-kinderfotografen.de\/blog2\/wp-content\/uploads\/2017\/11\/12-10161-post\/Familienfotos_Rosenheim-1024x681.jpg 1024w\" sizes=\"(max-width: 2000px) 100vw, 2000px\" \/><\/p>\n","protected":false},"excerpt":{"rendered":"<p>Vor 3 Jahren durfte unsere Fotografin Yvonne Grimmeis die kleine Sophia als Neugeborene fotografieren. Nun war sie im Oktober wieder bei ihr und hat ihr kleine Schwester Eva mitgebracht. Die beiden h\u00fcbschen M\u00e4dchen aus Raubling (Landkreis Rosenheim) haben ihre Sache wirklich toll gemacht und es sind viele sch\u00f6ne Erinnerungen entstanden. Wenn ihr mehr von Yvonne...<\/p>\n","protected":false},"author":2,"featured_media":10164,"comment_status":"closed","ping_status":"closed","sticky":false,"template":"","format":"standard","meta":{"pp_embeds":""},"categories":[671],"tags":[488,11,761,149,15,706,707,710],"acf":[],"_links":{"self":[{"href":"https:\/\/vereinigung-professioneller-kinderfotografen.de\/blog2\/wp-json\/wp\/v2\/posts\/10161"}],"collection":[{"href":"https:\/\/vereinigung-professioneller-kinderfotografen.de\/blog2\/wp-json\/wp\/v2\/posts"}],"about":[{"href":"https:\/\/vereinigung-professioneller-kinderfotografen.de\/blog2\/wp-json\/wp\/v2\/types\/post"}],"author":[{"embeddable":true,"href":"https:\/\/vereinigung-professioneller-kinderfotografen.de\/blog2\/wp-json\/wp\/v2\/users\/2"}],"replies":[{"embeddable":true,"href":"https:\/\/vereinigung-professioneller-kinderfotografen.de\/blog2\/wp-json\/wp\/v2\/comments?post=10161"}],"version-history":[{"count":1,"href":"https:\/\/vereinigung-professioneller-kinderfotografen.de\/blog2\/wp-json\/wp\/v2\/posts\/10161\/revisions"}],"predecessor-version":[{"id":10173,"href":"https:\/\/vereinigung-professioneller-kinderfotografen.de\/blog2\/wp-json\/wp\/v2\/posts\/10161\/revisions\/10173"}],"wp:featuredmedia":[{"embeddable":true,"href":"https:\/\/vereinigung-professioneller-kinderfotografen.de\/blog2\/wp-json\/wp\/v2\/media\/10164"}],"wp:attachment":[{"href":"https:\/\/vereinigung-professioneller-kinderfotografen.de\/blog2\/wp-json\/wp\/v2\/media?parent=10161"}],"wp:term":[{"taxonomy":"category","embeddable":true,"href":"https:\/\/vereinigung-professioneller-kinderfotografen.de\/blog2\/wp-json\/wp\/v2\/categories?post=10161"},{"taxonomy":"post_tag","embeddable":true,"href":"https:\/\/vereinigung-professioneller-kinderfotografen.de\/blog2\/wp-json\/wp\/v2\/tags?post=10161"}],"curies":[{"name":"wp","href":"https:\/\/api.w.org\/{rel}","templated":true}]}}