{"id":10122,"date":"2017-11-14T10:00:38","date_gmt":"2017-11-14T08:00:38","guid":{"rendered":"http:\/\/vereinigung-professioneller-kinderfotografen.de\/blog2\/?p=10122"},"modified":"2017-11-08T09:27:12","modified_gmt":"2017-11-08T07:27:12","slug":"neugeborenenfotos-bondorf-britta-kussmaul","status":"publish","type":"post","link":"https:\/\/vereinigung-professioneller-kinderfotografen.de\/blog2\/neugeborenenfotos-bondorf-britta-kussmaul\/","title":{"rendered":"Zauberhafte Neugeborenenfotos  &#8211;   Britta Ku\u00dfmaul Fotodesign  &#8211;  Bondorf"},"content":{"rendered":"<p>Kurz vor den Herbstferien hat dieser kleine Mann unsere Fotografin Britta von Britta Ku\u00dfmaul Fotodesign im Fotostudio in Bondorf bei Herrenberg besucht. Ein Traumbaby f\u00fcr jeden Fotografen. Mal abgesehen von der wunderbaren Frisur und dem s\u00fc\u00dfen Gesicht hat er so wunderbar mitgemacht. Seinen ersten Fototermin hat er nahezu komplett verschlafen und so konnten wir viele verschiedene Sets fotografieren. Und wie er seht, hier weihnachtet es auch schon ein wenig&#8230;. Seid ihr auch schon ein wenig in Weihnachtsstimmung?<\/p>\n<p>Weitere Arbeiten von Britta findet ihr bei <a href=\"https:\/\/www.facebook.com\/kussmaulfotodesign\/\">Facebook<\/a>, bei <a href=\"https:\/\/www.instagram.com\/britta_kussmaul_fotodesign\/\">Instagram<\/a> oder auf der <a href=\"http:\/\/www.kussmaul-fotodesign.de\/startseite.html\">Homepage<\/a>.<\/p>\n<p><img decoding=\"async\" loading=\"lazy\" class=\"aligncenter size-full wp-image-10156\" src=\"http:\/\/vereinigung-professioneller-kinderfotografen.de\/blog2\/wp-content\/uploads\/2017\/11\/Neugeborenenbilder-Neugeborenenfotograf-Fotograf-Bondorf-Herrenberg-Stuttgart-3.jpg\" alt=\"\" width=\"1000\" height=\"666\" srcset=\"https:\/\/vereinigung-professioneller-kinderfotografen.de\/blog2\/wp-content\/uploads\/2017\/11\/Neugeborenenbilder-Neugeborenenfotograf-Fotograf-Bondorf-Herrenberg-Stuttgart-3.jpg 1000w, https:\/\/vereinigung-professioneller-kinderfotografen.de\/blog2\/wp-content\/uploads\/2017\/11\/Neugeborenenbilder-Neugeborenenfotograf-Fotograf-Bondorf-Herrenberg-Stuttgart-3-300x200.jpg 300w, https:\/\/vereinigung-professioneller-kinderfotografen.de\/blog2\/wp-content\/uploads\/2017\/11\/Neugeborenenbilder-Neugeborenenfotograf-Fotograf-Bondorf-Herrenberg-Stuttgart-3-768x511.jpg 768w\" sizes=\"(max-width: 1000px) 100vw, 1000px\" \/><img decoding=\"async\" loading=\"lazy\" class=\"aligncenter size-full wp-image-10155\" src=\"http:\/\/vereinigung-professioneller-kinderfotografen.de\/blog2\/wp-content\/uploads\/2017\/11\/Neugeborenenbilder-Neugeborenenfotograf-Fotograf-Bondorf-Herrenberg-Stuttgart-2.jpg\" alt=\"\" width=\"1000\" height=\"666\" srcset=\"https:\/\/vereinigung-professioneller-kinderfotografen.de\/blog2\/wp-content\/uploads\/2017\/11\/Neugeborenenbilder-Neugeborenenfotograf-Fotograf-Bondorf-Herrenberg-Stuttgart-2.jpg 1000w, https:\/\/vereinigung-professioneller-kinderfotografen.de\/blog2\/wp-content\/uploads\/2017\/11\/Neugeborenenbilder-Neugeborenenfotograf-Fotograf-Bondorf-Herrenberg-Stuttgart-2-300x200.jpg 300w, https:\/\/vereinigung-professioneller-kinderfotografen.de\/blog2\/wp-content\/uploads\/2017\/11\/Neugeborenenbilder-Neugeborenenfotograf-Fotograf-Bondorf-Herrenberg-Stuttgart-2-768x511.jpg 768w\" sizes=\"(max-width: 1000px) 100vw, 1000px\" \/><img decoding=\"async\" loading=\"lazy\" class=\"aligncenter size-full wp-image-10154\" src=\"http:\/\/vereinigung-professioneller-kinderfotografen.de\/blog2\/wp-content\/uploads\/2017\/11\/Neugeborenenbilder-Neugeborenenfotograf-Fotograf-Bondorf-Herrenberg-Stuttgart-1.jpg\" alt=\"\" width=\"1000\" height=\"666\" srcset=\"https:\/\/vereinigung-professioneller-kinderfotografen.de\/blog2\/wp-content\/uploads\/2017\/11\/Neugeborenenbilder-Neugeborenenfotograf-Fotograf-Bondorf-Herrenberg-Stuttgart-1.jpg 1000w, https:\/\/vereinigung-professioneller-kinderfotografen.de\/blog2\/wp-content\/uploads\/2017\/11\/Neugeborenenbilder-Neugeborenenfotograf-Fotograf-Bondorf-Herrenberg-Stuttgart-1-300x200.jpg 300w, https:\/\/vereinigung-professioneller-kinderfotografen.de\/blog2\/wp-content\/uploads\/2017\/11\/Neugeborenenbilder-Neugeborenenfotograf-Fotograf-Bondorf-Herrenberg-Stuttgart-1-768x511.jpg 768w\" sizes=\"(max-width: 1000px) 100vw, 1000px\" \/><img decoding=\"async\" loading=\"lazy\" class=\"aligncenter size-full wp-image-10151\" src=\"http:\/\/vereinigung-professioneller-kinderfotografen.de\/blog2\/wp-content\/uploads\/2017\/11\/Neugeborenenbilder-Neugeborenenfotograf-Fotograf-Bondorf-Herrenberg-Stuttgart-4.jpg\" alt=\"\" width=\"1000\" height=\"666\" srcset=\"https:\/\/vereinigung-professioneller-kinderfotografen.de\/blog2\/wp-content\/uploads\/2017\/11\/Neugeborenenbilder-Neugeborenenfotograf-Fotograf-Bondorf-Herrenberg-Stuttgart-4.jpg 1000w, https:\/\/vereinigung-professioneller-kinderfotografen.de\/blog2\/wp-content\/uploads\/2017\/11\/Neugeborenenbilder-Neugeborenenfotograf-Fotograf-Bondorf-Herrenberg-Stuttgart-4-300x200.jpg 300w, https:\/\/vereinigung-professioneller-kinderfotografen.de\/blog2\/wp-content\/uploads\/2017\/11\/Neugeborenenbilder-Neugeborenenfotograf-Fotograf-Bondorf-Herrenberg-Stuttgart-4-768x511.jpg 768w\" sizes=\"(max-width: 1000px) 100vw, 1000px\" \/><img decoding=\"async\" loading=\"lazy\" class=\"aligncenter size-full wp-image-10153\" src=\"http:\/\/vereinigung-professioneller-kinderfotografen.de\/blog2\/wp-content\/uploads\/2017\/11\/Neugeborenenbilder-Neugeborenenfotograf-Fotograf-Bondorf-Herrenberg-Stuttgart-6.jpg\" alt=\"\" width=\"1000\" height=\"666\" srcset=\"https:\/\/vereinigung-professioneller-kinderfotografen.de\/blog2\/wp-content\/uploads\/2017\/11\/Neugeborenenbilder-Neugeborenenfotograf-Fotograf-Bondorf-Herrenberg-Stuttgart-6.jpg 1000w, https:\/\/vereinigung-professioneller-kinderfotografen.de\/blog2\/wp-content\/uploads\/2017\/11\/Neugeborenenbilder-Neugeborenenfotograf-Fotograf-Bondorf-Herrenberg-Stuttgart-6-300x200.jpg 300w, https:\/\/vereinigung-professioneller-kinderfotografen.de\/blog2\/wp-content\/uploads\/2017\/11\/Neugeborenenbilder-Neugeborenenfotograf-Fotograf-Bondorf-Herrenberg-Stuttgart-6-768x511.jpg 768w\" sizes=\"(max-width: 1000px) 100vw, 1000px\" \/><img decoding=\"async\" loading=\"lazy\" class=\"aligncenter size-full wp-image-10152\" src=\"http:\/\/vereinigung-professioneller-kinderfotografen.de\/blog2\/wp-content\/uploads\/2017\/11\/Neugeborenenbilder-Neugeborenenfotograf-Fotograf-Bondorf-Herrenberg-Stuttgart-5.jpg\" alt=\"\" width=\"1000\" height=\"666\" srcset=\"https:\/\/vereinigung-professioneller-kinderfotografen.de\/blog2\/wp-content\/uploads\/2017\/11\/Neugeborenenbilder-Neugeborenenfotograf-Fotograf-Bondorf-Herrenberg-Stuttgart-5.jpg 1000w, https:\/\/vereinigung-professioneller-kinderfotografen.de\/blog2\/wp-content\/uploads\/2017\/11\/Neugeborenenbilder-Neugeborenenfotograf-Fotograf-Bondorf-Herrenberg-Stuttgart-5-300x200.jpg 300w, https:\/\/vereinigung-professioneller-kinderfotografen.de\/blog2\/wp-content\/uploads\/2017\/11\/Neugeborenenbilder-Neugeborenenfotograf-Fotograf-Bondorf-Herrenberg-Stuttgart-5-768x511.jpg 768w\" sizes=\"(max-width: 1000px) 100vw, 1000px\" \/><img decoding=\"async\" loading=\"lazy\" class=\"aligncenter size-full wp-image-10148\" src=\"http:\/\/vereinigung-professioneller-kinderfotografen.de\/blog2\/wp-content\/uploads\/2017\/11\/Neugeborenenbilder-Neugeborenenfotograf-Fotograf-Bondorf-Herrenberg-Stuttgart-7.jpg\" alt=\"\" width=\"1000\" height=\"666\" srcset=\"https:\/\/vereinigung-professioneller-kinderfotografen.de\/blog2\/wp-content\/uploads\/2017\/11\/Neugeborenenbilder-Neugeborenenfotograf-Fotograf-Bondorf-Herrenberg-Stuttgart-7.jpg 1000w, https:\/\/vereinigung-professioneller-kinderfotografen.de\/blog2\/wp-content\/uploads\/2017\/11\/Neugeborenenbilder-Neugeborenenfotograf-Fotograf-Bondorf-Herrenberg-Stuttgart-7-300x200.jpg 300w, https:\/\/vereinigung-professioneller-kinderfotografen.de\/blog2\/wp-content\/uploads\/2017\/11\/Neugeborenenbilder-Neugeborenenfotograf-Fotograf-Bondorf-Herrenberg-Stuttgart-7-768x511.jpg 768w\" sizes=\"(max-width: 1000px) 100vw, 1000px\" \/><img decoding=\"async\" loading=\"lazy\" class=\"aligncenter size-full wp-image-10149\" src=\"http:\/\/vereinigung-professioneller-kinderfotografen.de\/blog2\/wp-content\/uploads\/2017\/11\/Neugeborenenbilder-Neugeborenenfotograf-Fotograf-Bondorf-Herrenberg-Stuttgart-8.jpg\" alt=\"\" width=\"1000\" height=\"666\" srcset=\"https:\/\/vereinigung-professioneller-kinderfotografen.de\/blog2\/wp-content\/uploads\/2017\/11\/Neugeborenenbilder-Neugeborenenfotograf-Fotograf-Bondorf-Herrenberg-Stuttgart-8.jpg 1000w, https:\/\/vereinigung-professioneller-kinderfotografen.de\/blog2\/wp-content\/uploads\/2017\/11\/Neugeborenenbilder-Neugeborenenfotograf-Fotograf-Bondorf-Herrenberg-Stuttgart-8-300x200.jpg 300w, https:\/\/vereinigung-professioneller-kinderfotografen.de\/blog2\/wp-content\/uploads\/2017\/11\/Neugeborenenbilder-Neugeborenenfotograf-Fotograf-Bondorf-Herrenberg-Stuttgart-8-768x511.jpg 768w\" sizes=\"(max-width: 1000px) 100vw, 1000px\" \/><img decoding=\"async\" loading=\"lazy\" class=\"aligncenter size-full wp-image-10145\" src=\"http:\/\/vereinigung-professioneller-kinderfotografen.de\/blog2\/wp-content\/uploads\/2017\/11\/Neugeborenenbilder-Neugeborenenfotograf-Fotograf-Bondorf-Herrenberg-Stuttgart-10.jpg\" alt=\"\" width=\"1000\" height=\"666\" srcset=\"https:\/\/vereinigung-professioneller-kinderfotografen.de\/blog2\/wp-content\/uploads\/2017\/11\/Neugeborenenbilder-Neugeborenenfotograf-Fotograf-Bondorf-Herrenberg-Stuttgart-10.jpg 1000w, https:\/\/vereinigung-professioneller-kinderfotografen.de\/blog2\/wp-content\/uploads\/2017\/11\/Neugeborenenbilder-Neugeborenenfotograf-Fotograf-Bondorf-Herrenberg-Stuttgart-10-300x200.jpg 300w, https:\/\/vereinigung-professioneller-kinderfotografen.de\/blog2\/wp-content\/uploads\/2017\/11\/Neugeborenenbilder-Neugeborenenfotograf-Fotograf-Bondorf-Herrenberg-Stuttgart-10-768x511.jpg 768w\" sizes=\"(max-width: 1000px) 100vw, 1000px\" \/><img decoding=\"async\" loading=\"lazy\" class=\"aligncenter size-full wp-image-10150\" src=\"http:\/\/vereinigung-professioneller-kinderfotografen.de\/blog2\/wp-content\/uploads\/2017\/11\/Neugeborenenbilder-Neugeborenenfotograf-Fotograf-Bondorf-Herrenberg-Stuttgart-9.jpg\" alt=\"\" width=\"1000\" height=\"666\" srcset=\"https:\/\/vereinigung-professioneller-kinderfotografen.de\/blog2\/wp-content\/uploads\/2017\/11\/Neugeborenenbilder-Neugeborenenfotograf-Fotograf-Bondorf-Herrenberg-Stuttgart-9.jpg 1000w, https:\/\/vereinigung-professioneller-kinderfotografen.de\/blog2\/wp-content\/uploads\/2017\/11\/Neugeborenenbilder-Neugeborenenfotograf-Fotograf-Bondorf-Herrenberg-Stuttgart-9-300x200.jpg 300w, https:\/\/vereinigung-professioneller-kinderfotografen.de\/blog2\/wp-content\/uploads\/2017\/11\/Neugeborenenbilder-Neugeborenenfotograf-Fotograf-Bondorf-Herrenberg-Stuttgart-9-768x511.jpg 768w\" sizes=\"(max-width: 1000px) 100vw, 1000px\" \/><img decoding=\"async\" loading=\"lazy\" class=\"aligncenter size-full wp-image-10147\" src=\"http:\/\/vereinigung-professioneller-kinderfotografen.de\/blog2\/wp-content\/uploads\/2017\/11\/Neugeborenenbilder-Neugeborenenfotograf-Fotograf-Bondorf-Herrenberg-Stuttgart-12.jpg\" alt=\"\" width=\"1000\" height=\"666\" srcset=\"https:\/\/vereinigung-professioneller-kinderfotografen.de\/blog2\/wp-content\/uploads\/2017\/11\/Neugeborenenbilder-Neugeborenenfotograf-Fotograf-Bondorf-Herrenberg-Stuttgart-12.jpg 1000w, https:\/\/vereinigung-professioneller-kinderfotografen.de\/blog2\/wp-content\/uploads\/2017\/11\/Neugeborenenbilder-Neugeborenenfotograf-Fotograf-Bondorf-Herrenberg-Stuttgart-12-300x200.jpg 300w, https:\/\/vereinigung-professioneller-kinderfotografen.de\/blog2\/wp-content\/uploads\/2017\/11\/Neugeborenenbilder-Neugeborenenfotograf-Fotograf-Bondorf-Herrenberg-Stuttgart-12-768x511.jpg 768w\" sizes=\"(max-width: 1000px) 100vw, 1000px\" \/><img decoding=\"async\" loading=\"lazy\" class=\"aligncenter size-full wp-image-10146\" src=\"http:\/\/vereinigung-professioneller-kinderfotografen.de\/blog2\/wp-content\/uploads\/2017\/11\/Neugeborenenbilder-Neugeborenenfotograf-Fotograf-Bondorf-Herrenberg-Stuttgart-11.jpg\" alt=\"\" width=\"1000\" height=\"666\" srcset=\"https:\/\/vereinigung-professioneller-kinderfotografen.de\/blog2\/wp-content\/uploads\/2017\/11\/Neugeborenenbilder-Neugeborenenfotograf-Fotograf-Bondorf-Herrenberg-Stuttgart-11.jpg 1000w, https:\/\/vereinigung-professioneller-kinderfotografen.de\/blog2\/wp-content\/uploads\/2017\/11\/Neugeborenenbilder-Neugeborenenfotograf-Fotograf-Bondorf-Herrenberg-Stuttgart-11-300x200.jpg 300w, https:\/\/vereinigung-professioneller-kinderfotografen.de\/blog2\/wp-content\/uploads\/2017\/11\/Neugeborenenbilder-Neugeborenenfotograf-Fotograf-Bondorf-Herrenberg-Stuttgart-11-768x511.jpg 768w\" sizes=\"(max-width: 1000px) 100vw, 1000px\" \/><img decoding=\"async\" loading=\"lazy\" class=\"aligncenter size-full wp-image-10144\" src=\"http:\/\/vereinigung-professioneller-kinderfotografen.de\/blog2\/wp-content\/uploads\/2017\/11\/Neugeborenenbilder-Neugeborenenfotograf-Fotograf-Bondorf-Herrenberg-Stuttgart-15.jpg\" alt=\"\" width=\"1000\" height=\"666\" srcset=\"https:\/\/vereinigung-professioneller-kinderfotografen.de\/blog2\/wp-content\/uploads\/2017\/11\/Neugeborenenbilder-Neugeborenenfotograf-Fotograf-Bondorf-Herrenberg-Stuttgart-15.jpg 1000w, https:\/\/vereinigung-professioneller-kinderfotografen.de\/blog2\/wp-content\/uploads\/2017\/11\/Neugeborenenbilder-Neugeborenenfotograf-Fotograf-Bondorf-Herrenberg-Stuttgart-15-300x200.jpg 300w, https:\/\/vereinigung-professioneller-kinderfotografen.de\/blog2\/wp-content\/uploads\/2017\/11\/Neugeborenenbilder-Neugeborenenfotograf-Fotograf-Bondorf-Herrenberg-Stuttgart-15-768x511.jpg 768w\" sizes=\"(max-width: 1000px) 100vw, 1000px\" \/><img decoding=\"async\" loading=\"lazy\" class=\"aligncenter size-full wp-image-10143\" src=\"http:\/\/vereinigung-professioneller-kinderfotografen.de\/blog2\/wp-content\/uploads\/2017\/11\/Neugeborenenbilder-Neugeborenenfotograf-Fotograf-Bondorf-Herrenberg-Stuttgart-14.jpg\" alt=\"\" width=\"1000\" height=\"666\" srcset=\"https:\/\/vereinigung-professioneller-kinderfotografen.de\/blog2\/wp-content\/uploads\/2017\/11\/Neugeborenenbilder-Neugeborenenfotograf-Fotograf-Bondorf-Herrenberg-Stuttgart-14.jpg 1000w, https:\/\/vereinigung-professioneller-kinderfotografen.de\/blog2\/wp-content\/uploads\/2017\/11\/Neugeborenenbilder-Neugeborenenfotograf-Fotograf-Bondorf-Herrenberg-Stuttgart-14-300x200.jpg 300w, https:\/\/vereinigung-professioneller-kinderfotografen.de\/blog2\/wp-content\/uploads\/2017\/11\/Neugeborenenbilder-Neugeborenenfotograf-Fotograf-Bondorf-Herrenberg-Stuttgart-14-768x511.jpg 768w\" sizes=\"(max-width: 1000px) 100vw, 1000px\" \/><img decoding=\"async\" loading=\"lazy\" class=\"aligncenter size-full wp-image-10142\" src=\"http:\/\/vereinigung-professioneller-kinderfotografen.de\/blog2\/wp-content\/uploads\/2017\/11\/Neugeborenenbilder-Neugeborenenfotograf-Fotograf-Bondorf-Herrenberg-Stuttgart-13.jpg\" alt=\"\" width=\"1000\" height=\"666\" srcset=\"https:\/\/vereinigung-professioneller-kinderfotografen.de\/blog2\/wp-content\/uploads\/2017\/11\/Neugeborenenbilder-Neugeborenenfotograf-Fotograf-Bondorf-Herrenberg-Stuttgart-13.jpg 1000w, https:\/\/vereinigung-professioneller-kinderfotografen.de\/blog2\/wp-content\/uploads\/2017\/11\/Neugeborenenbilder-Neugeborenenfotograf-Fotograf-Bondorf-Herrenberg-Stuttgart-13-300x200.jpg 300w, https:\/\/vereinigung-professioneller-kinderfotografen.de\/blog2\/wp-content\/uploads\/2017\/11\/Neugeborenenbilder-Neugeborenenfotograf-Fotograf-Bondorf-Herrenberg-Stuttgart-13-768x511.jpg 768w\" sizes=\"(max-width: 1000px) 100vw, 1000px\" \/><img decoding=\"async\" loading=\"lazy\" class=\"aligncenter size-full wp-image-10141\" src=\"http:\/\/vereinigung-professioneller-kinderfotografen.de\/blog2\/wp-content\/uploads\/2017\/11\/Neugeborenenbilder-Neugeborenenfotograf-Fotograf-Bondorf-Herrenberg-Stuttgart-16.jpg\" alt=\"\" width=\"1000\" height=\"666\" srcset=\"https:\/\/vereinigung-professioneller-kinderfotografen.de\/blog2\/wp-content\/uploads\/2017\/11\/Neugeborenenbilder-Neugeborenenfotograf-Fotograf-Bondorf-Herrenberg-Stuttgart-16.jpg 1000w, https:\/\/vereinigung-professioneller-kinderfotografen.de\/blog2\/wp-content\/uploads\/2017\/11\/Neugeborenenbilder-Neugeborenenfotograf-Fotograf-Bondorf-Herrenberg-Stuttgart-16-300x200.jpg 300w, https:\/\/vereinigung-professioneller-kinderfotografen.de\/blog2\/wp-content\/uploads\/2017\/11\/Neugeborenenbilder-Neugeborenenfotograf-Fotograf-Bondorf-Herrenberg-Stuttgart-16-768x511.jpg 768w\" sizes=\"(max-width: 1000px) 100vw, 1000px\" \/><\/p>\n","protected":false},"excerpt":{"rendered":"<p>Kurz vor den Herbstferien hat dieser kleine Mann unsere Fotografin Britta von Britta Ku\u00dfmaul Fotodesign im Fotostudio in Bondorf bei Herrenberg besucht. Ein Traumbaby f\u00fcr jeden Fotografen. Mal abgesehen von der wunderbaren Frisur und dem s\u00fc\u00dfen Gesicht hat er so wunderbar mitgemacht. Seinen ersten Fototermin hat er nahezu komplett verschlafen und so konnten wir viele...<\/p>\n","protected":false},"author":2,"featured_media":10152,"comment_status":"closed","ping_status":"closed","sticky":false,"template":"","format":"standard","meta":{"pp_embeds":""},"categories":[897],"tags":[12,83,10,16,11,1013,1127,1017,127,220,1012,45,1015,15,1176,1128,1125],"acf":[],"_links":{"self":[{"href":"https:\/\/vereinigung-professioneller-kinderfotografen.de\/blog2\/wp-json\/wp\/v2\/posts\/10122"}],"collection":[{"href":"https:\/\/vereinigung-professioneller-kinderfotografen.de\/blog2\/wp-json\/wp\/v2\/posts"}],"about":[{"href":"https:\/\/vereinigung-professioneller-kinderfotografen.de\/blog2\/wp-json\/wp\/v2\/types\/post"}],"author":[{"embeddable":true,"href":"https:\/\/vereinigung-professioneller-kinderfotografen.de\/blog2\/wp-json\/wp\/v2\/users\/2"}],"replies":[{"embeddable":true,"href":"https:\/\/vereinigung-professioneller-kinderfotografen.de\/blog2\/wp-json\/wp\/v2\/comments?post=10122"}],"version-history":[{"count":4,"href":"https:\/\/vereinigung-professioneller-kinderfotografen.de\/blog2\/wp-json\/wp\/v2\/posts\/10122\/revisions"}],"predecessor-version":[{"id":10158,"href":"https:\/\/vereinigung-professioneller-kinderfotografen.de\/blog2\/wp-json\/wp\/v2\/posts\/10122\/revisions\/10158"}],"wp:featuredmedia":[{"embeddable":true,"href":"https:\/\/vereinigung-professioneller-kinderfotografen.de\/blog2\/wp-json\/wp\/v2\/media\/10152"}],"wp:attachment":[{"href":"https:\/\/vereinigung-professioneller-kinderfotografen.de\/blog2\/wp-json\/wp\/v2\/media?parent=10122"}],"wp:term":[{"taxonomy":"category","embeddable":true,"href":"https:\/\/vereinigung-professioneller-kinderfotografen.de\/blog2\/wp-json\/wp\/v2\/categories?post=10122"},{"taxonomy":"post_tag","embeddable":true,"href":"https:\/\/vereinigung-professioneller-kinderfotografen.de\/blog2\/wp-json\/wp\/v2\/tags?post=10122"}],"curies":[{"name":"wp","href":"https:\/\/api.w.org\/{rel}","templated":true}]}}