{"id":10108,"date":"2017-11-06T16:57:26","date_gmt":"2017-11-06T14:57:26","guid":{"rendered":"http:\/\/vereinigung-professioneller-kinderfotografen.de\/blog2\/?p=10108"},"modified":"2017-11-06T16:57:26","modified_gmt":"2017-11-06T14:57:26","slug":"babyfotos-straubing-baby-10-monate-herzensbilder","status":"publish","type":"post","link":"https:\/\/vereinigung-professioneller-kinderfotografen.de\/blog2\/babyfotos-straubing-baby-10-monate-herzensbilder\/","title":{"rendered":"Babyfotos Straubing &#8211; Baby 10 Monate &#8211; Herzensbilder"},"content":{"rendered":"<p>Es ist so zauberhaft zu beobachten, wenn ein Krabbelkind seine Umwelt erobert und alle kleinen und gro\u00dfen Wunder entdeckt. Als Fotograf kann man diese einmalige Zeit wunderbar f\u00fcr emotionale Erinnerungsbilder nutzen. Der kleine Anton hat unsere <a href=\"http:\/\/www.nicole-hecht.de\/blog\" target=\"_blank\" rel=\"noopener\">Fotografin Nicole Hecht<\/a> samt Mami in ihrem Tageslichtatelier in S\u00fcdbayern (zwischen Straubing\/Dingolfing) besucht. In kurzer Zeit konnten mit wenigen Mitteln und viel Spa\u00df ganz besondere Fotos entstehen. Neben Portraits und innigen Kuschelaufnahmen entstanden auch Detailbilder. Wimpern, Zehen &#8230; jede Kleinigkeit ist sehenswert &lt;3<\/p>\n<p>Wir sind uns sicher, die Fotografien sind f\u00fcr die Familie in ein paar Jahren ein gro\u00dfer Schatz und erm\u00f6glichen eine Zeitreise in vergangene Tage<\/p>\n<p>Mehr Arbeiten von Nicole findet ihr auf <a href=\"https:\/\/www.facebook.com\/FotografieNicoleHecht\/\" target=\"_blank\" rel=\"noopener\">Facebook<\/a> und <a href=\"https:\/\/www.instagram.com\/nicole.hecht\/\" target=\"_blank\" rel=\"noopener\">Instagram<\/a>.<\/p>\n<p>Sie freut sich auf euren Besuch<\/p>\n<p><img decoding=\"async\" loading=\"lazy\" class=\"aligncenter size-full wp-image-10116\" src=\"http:\/\/vereinigung-professioneller-kinderfotografen.de\/blog2\/wp-content\/uploads\/2017\/11\/06-10108-post\/Fotograf_muenchen_0008.jpg\" alt=\"\" width=\"1000\" height=\"669\" srcset=\"https:\/\/vereinigung-professioneller-kinderfotografen.de\/blog2\/wp-content\/uploads\/2017\/11\/06-10108-post\/Fotograf_muenchen_0008.jpg 1000w, https:\/\/vereinigung-professioneller-kinderfotografen.de\/blog2\/wp-content\/uploads\/2017\/11\/06-10108-post\/Fotograf_muenchen_0008-300x201.jpg 300w, https:\/\/vereinigung-professioneller-kinderfotografen.de\/blog2\/wp-content\/uploads\/2017\/11\/06-10108-post\/Fotograf_muenchen_0008-768x514.jpg 768w\" sizes=\"(max-width: 1000px) 100vw, 1000px\" \/><img decoding=\"async\" loading=\"lazy\" class=\"aligncenter size-full wp-image-10113\" src=\"http:\/\/vereinigung-professioneller-kinderfotografen.de\/blog2\/wp-content\/uploads\/2017\/11\/06-10108-post\/Fotograf_muenchen_0005.jpg\" alt=\"\" width=\"1000\" height=\"708\" srcset=\"https:\/\/vereinigung-professioneller-kinderfotografen.de\/blog2\/wp-content\/uploads\/2017\/11\/06-10108-post\/Fotograf_muenchen_0005.jpg 1000w, https:\/\/vereinigung-professioneller-kinderfotografen.de\/blog2\/wp-content\/uploads\/2017\/11\/06-10108-post\/Fotograf_muenchen_0005-300x212.jpg 300w, https:\/\/vereinigung-professioneller-kinderfotografen.de\/blog2\/wp-content\/uploads\/2017\/11\/06-10108-post\/Fotograf_muenchen_0005-768x544.jpg 768w\" sizes=\"(max-width: 1000px) 100vw, 1000px\" \/><img decoding=\"async\" loading=\"lazy\" class=\"aligncenter size-full wp-image-10112\" src=\"http:\/\/vereinigung-professioneller-kinderfotografen.de\/blog2\/wp-content\/uploads\/2017\/11\/06-10108-post\/Fotograf_muenchen_0004.jpg\" alt=\"\" width=\"1000\" height=\"670\" srcset=\"https:\/\/vereinigung-professioneller-kinderfotografen.de\/blog2\/wp-content\/uploads\/2017\/11\/06-10108-post\/Fotograf_muenchen_0004.jpg 1000w, https:\/\/vereinigung-professioneller-kinderfotografen.de\/blog2\/wp-content\/uploads\/2017\/11\/06-10108-post\/Fotograf_muenchen_0004-300x201.jpg 300w, https:\/\/vereinigung-professioneller-kinderfotografen.de\/blog2\/wp-content\/uploads\/2017\/11\/06-10108-post\/Fotograf_muenchen_0004-768x515.jpg 768w\" sizes=\"(max-width: 1000px) 100vw, 1000px\" \/><img decoding=\"async\" loading=\"lazy\" class=\"aligncenter size-full wp-image-10111\" src=\"http:\/\/vereinigung-professioneller-kinderfotografen.de\/blog2\/wp-content\/uploads\/2017\/11\/06-10108-post\/Fotograf_muenchen_0003.jpg\" alt=\"\" width=\"1000\" height=\"670\" srcset=\"https:\/\/vereinigung-professioneller-kinderfotografen.de\/blog2\/wp-content\/uploads\/2017\/11\/06-10108-post\/Fotograf_muenchen_0003.jpg 1000w, https:\/\/vereinigung-professioneller-kinderfotografen.de\/blog2\/wp-content\/uploads\/2017\/11\/06-10108-post\/Fotograf_muenchen_0003-300x201.jpg 300w, https:\/\/vereinigung-professioneller-kinderfotografen.de\/blog2\/wp-content\/uploads\/2017\/11\/06-10108-post\/Fotograf_muenchen_0003-768x515.jpg 768w\" sizes=\"(max-width: 1000px) 100vw, 1000px\" \/><img decoding=\"async\" loading=\"lazy\" class=\"aligncenter size-full wp-image-10110\" src=\"http:\/\/vereinigung-professioneller-kinderfotografen.de\/blog2\/wp-content\/uploads\/2017\/11\/06-10108-post\/Fotograf_muenchen_0002.jpg\" alt=\"\" width=\"1000\" height=\"707\" srcset=\"https:\/\/vereinigung-professioneller-kinderfotografen.de\/blog2\/wp-content\/uploads\/2017\/11\/06-10108-post\/Fotograf_muenchen_0002.jpg 1000w, https:\/\/vereinigung-professioneller-kinderfotografen.de\/blog2\/wp-content\/uploads\/2017\/11\/06-10108-post\/Fotograf_muenchen_0002-300x212.jpg 300w, https:\/\/vereinigung-professioneller-kinderfotografen.de\/blog2\/wp-content\/uploads\/2017\/11\/06-10108-post\/Fotograf_muenchen_0002-768x543.jpg 768w\" sizes=\"(max-width: 1000px) 100vw, 1000px\" \/><img decoding=\"async\" loading=\"lazy\" class=\"aligncenter size-full wp-image-10120\" src=\"http:\/\/vereinigung-professioneller-kinderfotografen.de\/blog2\/wp-content\/uploads\/2017\/11\/06-10108-post\/Fotograf_muenchen_0012.jpg\" alt=\"\" width=\"1000\" height=\"669\" srcset=\"https:\/\/vereinigung-professioneller-kinderfotografen.de\/blog2\/wp-content\/uploads\/2017\/11\/06-10108-post\/Fotograf_muenchen_0012.jpg 1000w, https:\/\/vereinigung-professioneller-kinderfotografen.de\/blog2\/wp-content\/uploads\/2017\/11\/06-10108-post\/Fotograf_muenchen_0012-300x201.jpg 300w, https:\/\/vereinigung-professioneller-kinderfotografen.de\/blog2\/wp-content\/uploads\/2017\/11\/06-10108-post\/Fotograf_muenchen_0012-768x514.jpg 768w\" sizes=\"(max-width: 1000px) 100vw, 1000px\" \/><img decoding=\"async\" loading=\"lazy\" class=\"aligncenter size-full wp-image-10118\" src=\"http:\/\/vereinigung-professioneller-kinderfotografen.de\/blog2\/wp-content\/uploads\/2017\/11\/06-10108-post\/Fotograf_muenchen_0010.jpg\" alt=\"\" width=\"1000\" height=\"557\" srcset=\"https:\/\/vereinigung-professioneller-kinderfotografen.de\/blog2\/wp-content\/uploads\/2017\/11\/06-10108-post\/Fotograf_muenchen_0010.jpg 1000w, https:\/\/vereinigung-professioneller-kinderfotografen.de\/blog2\/wp-content\/uploads\/2017\/11\/06-10108-post\/Fotograf_muenchen_0010-300x167.jpg 300w, https:\/\/vereinigung-professioneller-kinderfotografen.de\/blog2\/wp-content\/uploads\/2017\/11\/06-10108-post\/Fotograf_muenchen_0010-768x428.jpg 768w\" sizes=\"(max-width: 1000px) 100vw, 1000px\" \/><img decoding=\"async\" loading=\"lazy\" class=\"aligncenter size-full wp-image-10117\" src=\"http:\/\/vereinigung-professioneller-kinderfotografen.de\/blog2\/wp-content\/uploads\/2017\/11\/06-10108-post\/Fotograf_muenchen_0009.jpg\" alt=\"\" width=\"1000\" height=\"500\" srcset=\"https:\/\/vereinigung-professioneller-kinderfotografen.de\/blog2\/wp-content\/uploads\/2017\/11\/06-10108-post\/Fotograf_muenchen_0009.jpg 1000w, https:\/\/vereinigung-professioneller-kinderfotografen.de\/blog2\/wp-content\/uploads\/2017\/11\/06-10108-post\/Fotograf_muenchen_0009-300x150.jpg 300w, https:\/\/vereinigung-professioneller-kinderfotografen.de\/blog2\/wp-content\/uploads\/2017\/11\/06-10108-post\/Fotograf_muenchen_0009-768x384.jpg 768w\" sizes=\"(max-width: 1000px) 100vw, 1000px\" \/><img decoding=\"async\" loading=\"lazy\" class=\"aligncenter size-full wp-image-10114\" src=\"http:\/\/vereinigung-professioneller-kinderfotografen.de\/blog2\/wp-content\/uploads\/2017\/11\/06-10108-post\/Fotograf_muenchen_0006.jpg\" alt=\"\" width=\"1000\" height=\"885\" srcset=\"https:\/\/vereinigung-professioneller-kinderfotografen.de\/blog2\/wp-content\/uploads\/2017\/11\/06-10108-post\/Fotograf_muenchen_0006.jpg 1000w, https:\/\/vereinigung-professioneller-kinderfotografen.de\/blog2\/wp-content\/uploads\/2017\/11\/06-10108-post\/Fotograf_muenchen_0006-300x266.jpg 300w, https:\/\/vereinigung-professioneller-kinderfotografen.de\/blog2\/wp-content\/uploads\/2017\/11\/06-10108-post\/Fotograf_muenchen_0006-768x680.jpg 768w\" sizes=\"(max-width: 1000px) 100vw, 1000px\" \/><img decoding=\"async\" loading=\"lazy\" class=\"aligncenter size-full wp-image-10109\" src=\"http:\/\/vereinigung-professioneller-kinderfotografen.de\/blog2\/wp-content\/uploads\/2017\/11\/06-10108-post\/Fotograf_muenchen_0001.jpg\" alt=\"\" width=\"1000\" height=\"669\" srcset=\"https:\/\/vereinigung-professioneller-kinderfotografen.de\/blog2\/wp-content\/uploads\/2017\/11\/06-10108-post\/Fotograf_muenchen_0001.jpg 1000w, https:\/\/vereinigung-professioneller-kinderfotografen.de\/blog2\/wp-content\/uploads\/2017\/11\/06-10108-post\/Fotograf_muenchen_0001-300x201.jpg 300w, https:\/\/vereinigung-professioneller-kinderfotografen.de\/blog2\/wp-content\/uploads\/2017\/11\/06-10108-post\/Fotograf_muenchen_0001-768x514.jpg 768w\" sizes=\"(max-width: 1000px) 100vw, 1000px\" \/><img decoding=\"async\" loading=\"lazy\" class=\"aligncenter size-full wp-image-10115\" src=\"http:\/\/vereinigung-professioneller-kinderfotografen.de\/blog2\/wp-content\/uploads\/2017\/11\/06-10108-post\/Fotograf_muenchen_0007.jpg\" alt=\"\" width=\"1000\" height=\"749\" srcset=\"https:\/\/vereinigung-professioneller-kinderfotografen.de\/blog2\/wp-content\/uploads\/2017\/11\/06-10108-post\/Fotograf_muenchen_0007.jpg 1000w, https:\/\/vereinigung-professioneller-kinderfotografen.de\/blog2\/wp-content\/uploads\/2017\/11\/06-10108-post\/Fotograf_muenchen_0007-300x225.jpg 300w, https:\/\/vereinigung-professioneller-kinderfotografen.de\/blog2\/wp-content\/uploads\/2017\/11\/06-10108-post\/Fotograf_muenchen_0007-768x575.jpg 768w\" sizes=\"(max-width: 1000px) 100vw, 1000px\" \/><img decoding=\"async\" loading=\"lazy\" class=\"aligncenter size-full wp-image-10119\" src=\"http:\/\/vereinigung-professioneller-kinderfotografen.de\/blog2\/wp-content\/uploads\/2017\/11\/06-10108-post\/Fotograf_muenchen_0011.jpg\" alt=\"\" width=\"1001\" height=\"383\" srcset=\"https:\/\/vereinigung-professioneller-kinderfotografen.de\/blog2\/wp-content\/uploads\/2017\/11\/06-10108-post\/Fotograf_muenchen_0011.jpg 1001w, https:\/\/vereinigung-professioneller-kinderfotografen.de\/blog2\/wp-content\/uploads\/2017\/11\/06-10108-post\/Fotograf_muenchen_0011-300x115.jpg 300w, https:\/\/vereinigung-professioneller-kinderfotografen.de\/blog2\/wp-content\/uploads\/2017\/11\/06-10108-post\/Fotograf_muenchen_0011-768x294.jpg 768w\" sizes=\"(max-width: 1001px) 100vw, 1001px\" \/><\/p>\n","protected":false},"excerpt":{"rendered":"<p>Es ist so zauberhaft zu beobachten, wenn ein Krabbelkind seine Umwelt erobert und alle kleinen und gro\u00dfen Wunder entdeckt. Als Fotograf kann man diese einmalige Zeit wunderbar f\u00fcr emotionale Erinnerungsbilder nutzen. Der kleine Anton hat unsere Fotografin Nicole Hecht samt Mami in ihrem Tageslichtatelier in S\u00fcdbayern (zwischen Straubing\/Dingolfing) besucht. In kurzer Zeit konnten mit wenigen...<\/p>\n","protected":false},"author":2,"featured_media":0,"comment_status":"closed","ping_status":"closed","sticky":false,"template":"","format":"standard","meta":{"pp_embeds":""},"categories":[66],"tags":[1171,1161,1162,1159,1175,1170,1173,322,1169,954,1172,1174,1160,1167,1163,656,1166,1168,1164,1165],"acf":[],"_links":{"self":[{"href":"https:\/\/vereinigung-professioneller-kinderfotografen.de\/blog2\/wp-json\/wp\/v2\/posts\/10108"}],"collection":[{"href":"https:\/\/vereinigung-professioneller-kinderfotografen.de\/blog2\/wp-json\/wp\/v2\/posts"}],"about":[{"href":"https:\/\/vereinigung-professioneller-kinderfotografen.de\/blog2\/wp-json\/wp\/v2\/types\/post"}],"author":[{"embeddable":true,"href":"https:\/\/vereinigung-professioneller-kinderfotografen.de\/blog2\/wp-json\/wp\/v2\/users\/2"}],"replies":[{"embeddable":true,"href":"https:\/\/vereinigung-professioneller-kinderfotografen.de\/blog2\/wp-json\/wp\/v2\/comments?post=10108"}],"version-history":[{"count":1,"href":"https:\/\/vereinigung-professioneller-kinderfotografen.de\/blog2\/wp-json\/wp\/v2\/posts\/10108\/revisions"}],"predecessor-version":[{"id":10121,"href":"https:\/\/vereinigung-professioneller-kinderfotografen.de\/blog2\/wp-json\/wp\/v2\/posts\/10108\/revisions\/10121"}],"wp:attachment":[{"href":"https:\/\/vereinigung-professioneller-kinderfotografen.de\/blog2\/wp-json\/wp\/v2\/media?parent=10108"}],"wp:term":[{"taxonomy":"category","embeddable":true,"href":"https:\/\/vereinigung-professioneller-kinderfotografen.de\/blog2\/wp-json\/wp\/v2\/categories?post=10108"},{"taxonomy":"post_tag","embeddable":true,"href":"https:\/\/vereinigung-professioneller-kinderfotografen.de\/blog2\/wp-json\/wp\/v2\/tags?post=10108"}],"curies":[{"name":"wp","href":"https:\/\/api.w.org\/{rel}","templated":true}]}}