{"id":10091,"date":"2017-11-05T14:22:53","date_gmt":"2017-11-05T12:22:53","guid":{"rendered":"http:\/\/vereinigung-professioneller-kinderfotografen.de\/blog2\/?p=10091"},"modified":"2017-11-05T14:22:53","modified_gmt":"2017-11-05T12:22:53","slug":"nele-mit-ihrer-mama","status":"publish","type":"post","link":"https:\/\/vereinigung-professioneller-kinderfotografen.de\/blog2\/nele-mit-ihrer-mama\/","title":{"rendered":"Nele mit ihrer Mama"},"content":{"rendered":"<p style=\"text-align: center\">Zwischen Mutter und Kind existiert ein ganz besonderes Band der Liebe. Es ist unsichtbar und trotzdem kann man es sp\u00fcren. Es ist wie Magie.<\/p>\n<p style=\"text-align: center\">Unsere Fotografin Christin Felski hat diese Momente eingefangen und f\u00fcr beide eine Erinnerung f\u00fcr die Ewigkeit festgehalten.<\/p>\n<p>&nbsp;<\/p>\n<p style=\"text-align: center\">www.herzkind-fotografie.de<\/p>\n<p>&nbsp;<\/p>\n<p><img decoding=\"async\" loading=\"lazy\" class=\"aligncenter size-full wp-image-10092\" src=\"http:\/\/vereinigung-professioneller-kinderfotografen.de\/blog2\/wp-content\/uploads\/2017\/11\/05-10091-post\/Ivonne-und-Nele-1.jpg\" alt=\"\" width=\"1000\" height=\"332\" srcset=\"https:\/\/vereinigung-professioneller-kinderfotografen.de\/blog2\/wp-content\/uploads\/2017\/11\/05-10091-post\/Ivonne-und-Nele-1.jpg 1000w, https:\/\/vereinigung-professioneller-kinderfotografen.de\/blog2\/wp-content\/uploads\/2017\/11\/05-10091-post\/Ivonne-und-Nele-1-300x100.jpg 300w, https:\/\/vereinigung-professioneller-kinderfotografen.de\/blog2\/wp-content\/uploads\/2017\/11\/05-10091-post\/Ivonne-und-Nele-1-768x255.jpg 768w\" sizes=\"(max-width: 1000px) 100vw, 1000px\" \/><img decoding=\"async\" loading=\"lazy\" class=\"aligncenter size-full wp-image-10093\" src=\"http:\/\/vereinigung-professioneller-kinderfotografen.de\/blog2\/wp-content\/uploads\/2017\/11\/05-10091-post\/Ivonne-und-Nele-2.jpg\" alt=\"\" width=\"1000\" height=\"666\" srcset=\"https:\/\/vereinigung-professioneller-kinderfotografen.de\/blog2\/wp-content\/uploads\/2017\/11\/05-10091-post\/Ivonne-und-Nele-2.jpg 1000w, https:\/\/vereinigung-professioneller-kinderfotografen.de\/blog2\/wp-content\/uploads\/2017\/11\/05-10091-post\/Ivonne-und-Nele-2-300x200.jpg 300w, https:\/\/vereinigung-professioneller-kinderfotografen.de\/blog2\/wp-content\/uploads\/2017\/11\/05-10091-post\/Ivonne-und-Nele-2-768x511.jpg 768w\" sizes=\"(max-width: 1000px) 100vw, 1000px\" \/><img decoding=\"async\" loading=\"lazy\" class=\"aligncenter size-full wp-image-10094\" src=\"http:\/\/vereinigung-professioneller-kinderfotografen.de\/blog2\/wp-content\/uploads\/2017\/11\/05-10091-post\/Ivonne-und-Nele-3.jpg\" alt=\"\" width=\"1000\" height=\"1129\" srcset=\"https:\/\/vereinigung-professioneller-kinderfotografen.de\/blog2\/wp-content\/uploads\/2017\/11\/05-10091-post\/Ivonne-und-Nele-3.jpg 1000w, https:\/\/vereinigung-professioneller-kinderfotografen.de\/blog2\/wp-content\/uploads\/2017\/11\/05-10091-post\/Ivonne-und-Nele-3-266x300.jpg 266w, https:\/\/vereinigung-professioneller-kinderfotografen.de\/blog2\/wp-content\/uploads\/2017\/11\/05-10091-post\/Ivonne-und-Nele-3-768x867.jpg 768w, https:\/\/vereinigung-professioneller-kinderfotografen.de\/blog2\/wp-content\/uploads\/2017\/11\/05-10091-post\/Ivonne-und-Nele-3-907x1024.jpg 907w\" sizes=\"(max-width: 1000px) 100vw, 1000px\" \/><img decoding=\"async\" loading=\"lazy\" class=\"aligncenter size-full wp-image-10095\" src=\"http:\/\/vereinigung-professioneller-kinderfotografen.de\/blog2\/wp-content\/uploads\/2017\/11\/05-10091-post\/Ivonne-und-Nele-4.jpg\" alt=\"\" width=\"1000\" height=\"666\" srcset=\"https:\/\/vereinigung-professioneller-kinderfotografen.de\/blog2\/wp-content\/uploads\/2017\/11\/05-10091-post\/Ivonne-und-Nele-4.jpg 1000w, https:\/\/vereinigung-professioneller-kinderfotografen.de\/blog2\/wp-content\/uploads\/2017\/11\/05-10091-post\/Ivonne-und-Nele-4-300x200.jpg 300w, https:\/\/vereinigung-professioneller-kinderfotografen.de\/blog2\/wp-content\/uploads\/2017\/11\/05-10091-post\/Ivonne-und-Nele-4-768x511.jpg 768w\" sizes=\"(max-width: 1000px) 100vw, 1000px\" \/><img decoding=\"async\" loading=\"lazy\" class=\"aligncenter size-full wp-image-10096\" src=\"http:\/\/vereinigung-professioneller-kinderfotografen.de\/blog2\/wp-content\/uploads\/2017\/11\/05-10091-post\/Ivonne-und-Nele-5.jpg\" alt=\"\" width=\"1000\" height=\"667\" srcset=\"https:\/\/vereinigung-professioneller-kinderfotografen.de\/blog2\/wp-content\/uploads\/2017\/11\/05-10091-post\/Ivonne-und-Nele-5.jpg 1000w, https:\/\/vereinigung-professioneller-kinderfotografen.de\/blog2\/wp-content\/uploads\/2017\/11\/05-10091-post\/Ivonne-und-Nele-5-300x200.jpg 300w, https:\/\/vereinigung-professioneller-kinderfotografen.de\/blog2\/wp-content\/uploads\/2017\/11\/05-10091-post\/Ivonne-und-Nele-5-768x512.jpg 768w\" sizes=\"(max-width: 1000px) 100vw, 1000px\" \/><img decoding=\"async\" loading=\"lazy\" class=\"aligncenter size-full wp-image-10097\" src=\"http:\/\/vereinigung-professioneller-kinderfotografen.de\/blog2\/wp-content\/uploads\/2017\/11\/05-10091-post\/Ivonne-und-Nele-6.jpg\" alt=\"\" width=\"1000\" height=\"1496\" srcset=\"https:\/\/vereinigung-professioneller-kinderfotografen.de\/blog2\/wp-content\/uploads\/2017\/11\/05-10091-post\/Ivonne-und-Nele-6.jpg 1000w, https:\/\/vereinigung-professioneller-kinderfotografen.de\/blog2\/wp-content\/uploads\/2017\/11\/05-10091-post\/Ivonne-und-Nele-6-201x300.jpg 201w, https:\/\/vereinigung-professioneller-kinderfotografen.de\/blog2\/wp-content\/uploads\/2017\/11\/05-10091-post\/Ivonne-und-Nele-6-768x1149.jpg 768w, https:\/\/vereinigung-professioneller-kinderfotografen.de\/blog2\/wp-content\/uploads\/2017\/11\/05-10091-post\/Ivonne-und-Nele-6-684x1024.jpg 684w\" sizes=\"(max-width: 1000px) 100vw, 1000px\" \/><img decoding=\"async\" loading=\"lazy\" class=\"aligncenter size-full wp-image-10098\" src=\"http:\/\/vereinigung-professioneller-kinderfotografen.de\/blog2\/wp-content\/uploads\/2017\/11\/05-10091-post\/Ivonne-und-Nele-7.jpg\" alt=\"\" width=\"1000\" height=\"1416\" srcset=\"https:\/\/vereinigung-professioneller-kinderfotografen.de\/blog2\/wp-content\/uploads\/2017\/11\/05-10091-post\/Ivonne-und-Nele-7.jpg 1000w, https:\/\/vereinigung-professioneller-kinderfotografen.de\/blog2\/wp-content\/uploads\/2017\/11\/05-10091-post\/Ivonne-und-Nele-7-212x300.jpg 212w, https:\/\/vereinigung-professioneller-kinderfotografen.de\/blog2\/wp-content\/uploads\/2017\/11\/05-10091-post\/Ivonne-und-Nele-7-768x1087.jpg 768w, https:\/\/vereinigung-professioneller-kinderfotografen.de\/blog2\/wp-content\/uploads\/2017\/11\/05-10091-post\/Ivonne-und-Nele-7-723x1024.jpg 723w\" sizes=\"(max-width: 1000px) 100vw, 1000px\" \/><img decoding=\"async\" loading=\"lazy\" class=\"aligncenter size-full wp-image-10099\" src=\"http:\/\/vereinigung-professioneller-kinderfotografen.de\/blog2\/wp-content\/uploads\/2017\/11\/05-10091-post\/Ivonne-und-Nele-8.jpg\" alt=\"\" width=\"1000\" height=\"271\" srcset=\"https:\/\/vereinigung-professioneller-kinderfotografen.de\/blog2\/wp-content\/uploads\/2017\/11\/05-10091-post\/Ivonne-und-Nele-8.jpg 1000w, https:\/\/vereinigung-professioneller-kinderfotografen.de\/blog2\/wp-content\/uploads\/2017\/11\/05-10091-post\/Ivonne-und-Nele-8-300x81.jpg 300w, https:\/\/vereinigung-professioneller-kinderfotografen.de\/blog2\/wp-content\/uploads\/2017\/11\/05-10091-post\/Ivonne-und-Nele-8-768x208.jpg 768w\" sizes=\"(max-width: 1000px) 100vw, 1000px\" \/><img decoding=\"async\" loading=\"lazy\" class=\"aligncenter size-full wp-image-10100\" src=\"http:\/\/vereinigung-professioneller-kinderfotografen.de\/blog2\/wp-content\/uploads\/2017\/11\/05-10091-post\/Ivonne-und-Nele-9.jpg\" alt=\"\" width=\"1000\" height=\"1001\" srcset=\"https:\/\/vereinigung-professioneller-kinderfotografen.de\/blog2\/wp-content\/uploads\/2017\/11\/05-10091-post\/Ivonne-und-Nele-9.jpg 1000w, https:\/\/vereinigung-professioneller-kinderfotografen.de\/blog2\/wp-content\/uploads\/2017\/11\/05-10091-post\/Ivonne-und-Nele-9-150x150.jpg 150w, https:\/\/vereinigung-professioneller-kinderfotografen.de\/blog2\/wp-content\/uploads\/2017\/11\/05-10091-post\/Ivonne-und-Nele-9-300x300.jpg 300w, https:\/\/vereinigung-professioneller-kinderfotografen.de\/blog2\/wp-content\/uploads\/2017\/11\/05-10091-post\/Ivonne-und-Nele-9-768x769.jpg 768w\" sizes=\"(max-width: 1000px) 100vw, 1000px\" \/><img decoding=\"async\" loading=\"lazy\" class=\"aligncenter size-full wp-image-10101\" src=\"http:\/\/vereinigung-professioneller-kinderfotografen.de\/blog2\/wp-content\/uploads\/2017\/11\/05-10091-post\/Ivonne-und-Nele-10.jpg\" alt=\"\" width=\"1000\" height=\"686\" srcset=\"https:\/\/vereinigung-professioneller-kinderfotografen.de\/blog2\/wp-content\/uploads\/2017\/11\/05-10091-post\/Ivonne-und-Nele-10.jpg 1000w, https:\/\/vereinigung-professioneller-kinderfotografen.de\/blog2\/wp-content\/uploads\/2017\/11\/05-10091-post\/Ivonne-und-Nele-10-300x206.jpg 300w, https:\/\/vereinigung-professioneller-kinderfotografen.de\/blog2\/wp-content\/uploads\/2017\/11\/05-10091-post\/Ivonne-und-Nele-10-768x527.jpg 768w\" sizes=\"(max-width: 1000px) 100vw, 1000px\" \/><img decoding=\"async\" loading=\"lazy\" class=\"aligncenter size-full wp-image-10102\" src=\"http:\/\/vereinigung-professioneller-kinderfotografen.de\/blog2\/wp-content\/uploads\/2017\/11\/05-10091-post\/Ivonne-und-Nele-11.jpg\" alt=\"\" width=\"1000\" height=\"666\" srcset=\"https:\/\/vereinigung-professioneller-kinderfotografen.de\/blog2\/wp-content\/uploads\/2017\/11\/05-10091-post\/Ivonne-und-Nele-11.jpg 1000w, https:\/\/vereinigung-professioneller-kinderfotografen.de\/blog2\/wp-content\/uploads\/2017\/11\/05-10091-post\/Ivonne-und-Nele-11-300x200.jpg 300w, https:\/\/vereinigung-professioneller-kinderfotografen.de\/blog2\/wp-content\/uploads\/2017\/11\/05-10091-post\/Ivonne-und-Nele-11-768x511.jpg 768w\" sizes=\"(max-width: 1000px) 100vw, 1000px\" \/><img decoding=\"async\" loading=\"lazy\" class=\"aligncenter size-full wp-image-10103\" src=\"http:\/\/vereinigung-professioneller-kinderfotografen.de\/blog2\/wp-content\/uploads\/2017\/11\/05-10091-post\/Ivonne-und-Nele-12.jpg\" alt=\"\" width=\"1000\" height=\"1335\" srcset=\"https:\/\/vereinigung-professioneller-kinderfotografen.de\/blog2\/wp-content\/uploads\/2017\/11\/05-10091-post\/Ivonne-und-Nele-12.jpg 1000w, https:\/\/vereinigung-professioneller-kinderfotografen.de\/blog2\/wp-content\/uploads\/2017\/11\/05-10091-post\/Ivonne-und-Nele-12-225x300.jpg 225w, https:\/\/vereinigung-professioneller-kinderfotografen.de\/blog2\/wp-content\/uploads\/2017\/11\/05-10091-post\/Ivonne-und-Nele-12-768x1025.jpg 768w, https:\/\/vereinigung-professioneller-kinderfotografen.de\/blog2\/wp-content\/uploads\/2017\/11\/05-10091-post\/Ivonne-und-Nele-12-767x1024.jpg 767w\" sizes=\"(max-width: 1000px) 100vw, 1000px\" \/><img decoding=\"async\" loading=\"lazy\" class=\"aligncenter size-full wp-image-10104\" src=\"http:\/\/vereinigung-professioneller-kinderfotografen.de\/blog2\/wp-content\/uploads\/2017\/11\/05-10091-post\/Ivonne-und-Nele-13.jpg\" alt=\"\" width=\"1000\" height=\"1001\" srcset=\"https:\/\/vereinigung-professioneller-kinderfotografen.de\/blog2\/wp-content\/uploads\/2017\/11\/05-10091-post\/Ivonne-und-Nele-13.jpg 1000w, https:\/\/vereinigung-professioneller-kinderfotografen.de\/blog2\/wp-content\/uploads\/2017\/11\/05-10091-post\/Ivonne-und-Nele-13-150x150.jpg 150w, https:\/\/vereinigung-professioneller-kinderfotografen.de\/blog2\/wp-content\/uploads\/2017\/11\/05-10091-post\/Ivonne-und-Nele-13-300x300.jpg 300w, https:\/\/vereinigung-professioneller-kinderfotografen.de\/blog2\/wp-content\/uploads\/2017\/11\/05-10091-post\/Ivonne-und-Nele-13-768x769.jpg 768w\" sizes=\"(max-width: 1000px) 100vw, 1000px\" \/><img decoding=\"async\" loading=\"lazy\" class=\"aligncenter size-full wp-image-10105\" src=\"http:\/\/vereinigung-professioneller-kinderfotografen.de\/blog2\/wp-content\/uploads\/2017\/11\/05-10091-post\/Ivonne-und-Nele-14.jpg\" alt=\"\" width=\"1000\" height=\"665\" srcset=\"https:\/\/vereinigung-professioneller-kinderfotografen.de\/blog2\/wp-content\/uploads\/2017\/11\/05-10091-post\/Ivonne-und-Nele-14.jpg 1000w, https:\/\/vereinigung-professioneller-kinderfotografen.de\/blog2\/wp-content\/uploads\/2017\/11\/05-10091-post\/Ivonne-und-Nele-14-300x200.jpg 300w, https:\/\/vereinigung-professioneller-kinderfotografen.de\/blog2\/wp-content\/uploads\/2017\/11\/05-10091-post\/Ivonne-und-Nele-14-768x511.jpg 768w\" sizes=\"(max-width: 1000px) 100vw, 1000px\" \/><\/p>\n","protected":false},"excerpt":{"rendered":"<p>Zwischen Mutter und Kind existiert ein ganz besonderes Band der Liebe. Es ist unsichtbar und trotzdem kann man es sp\u00fcren. Es ist wie Magie. Unsere Fotografin Christin Felski hat diese Momente eingefangen und f\u00fcr beide eine Erinnerung f\u00fcr die Ewigkeit festgehalten. &nbsp; www.herzkind-fotografie.de &nbsp;<\/p>\n","protected":false},"author":2,"featured_media":10095,"comment_status":"closed","ping_status":"closed","sticky":false,"template":"","format":"standard","meta":{"pp_embeds":""},"categories":[504],"tags":[644,12,10,16,11,133,647,127,6,19],"acf":[],"_links":{"self":[{"href":"https:\/\/vereinigung-professioneller-kinderfotografen.de\/blog2\/wp-json\/wp\/v2\/posts\/10091"}],"collection":[{"href":"https:\/\/vereinigung-professioneller-kinderfotografen.de\/blog2\/wp-json\/wp\/v2\/posts"}],"about":[{"href":"https:\/\/vereinigung-professioneller-kinderfotografen.de\/blog2\/wp-json\/wp\/v2\/types\/post"}],"author":[{"embeddable":true,"href":"https:\/\/vereinigung-professioneller-kinderfotografen.de\/blog2\/wp-json\/wp\/v2\/users\/2"}],"replies":[{"embeddable":true,"href":"https:\/\/vereinigung-professioneller-kinderfotografen.de\/blog2\/wp-json\/wp\/v2\/comments?post=10091"}],"version-history":[{"count":2,"href":"https:\/\/vereinigung-professioneller-kinderfotografen.de\/blog2\/wp-json\/wp\/v2\/posts\/10091\/revisions"}],"predecessor-version":[{"id":10107,"href":"https:\/\/vereinigung-professioneller-kinderfotografen.de\/blog2\/wp-json\/wp\/v2\/posts\/10091\/revisions\/10107"}],"wp:featuredmedia":[{"embeddable":true,"href":"https:\/\/vereinigung-professioneller-kinderfotografen.de\/blog2\/wp-json\/wp\/v2\/media\/10095"}],"wp:attachment":[{"href":"https:\/\/vereinigung-professioneller-kinderfotografen.de\/blog2\/wp-json\/wp\/v2\/media?parent=10091"}],"wp:term":[{"taxonomy":"category","embeddable":true,"href":"https:\/\/vereinigung-professioneller-kinderfotografen.de\/blog2\/wp-json\/wp\/v2\/categories?post=10091"},{"taxonomy":"post_tag","embeddable":true,"href":"https:\/\/vereinigung-professioneller-kinderfotografen.de\/blog2\/wp-json\/wp\/v2\/tags?post=10091"}],"curies":[{"name":"wp","href":"https:\/\/api.w.org\/{rel}","templated":true}]}}