{"id":10072,"date":"2017-11-03T15:33:56","date_gmt":"2017-11-03T13:33:56","guid":{"rendered":"http:\/\/vereinigung-professioneller-kinderfotografen.de\/blog2\/?p=10072"},"modified":"2017-11-03T15:37:08","modified_gmt":"2017-11-03T13:37:08","slug":"schwangerschaftsbilder-am-bodensee","status":"publish","type":"post","link":"https:\/\/vereinigung-professioneller-kinderfotografen.de\/blog2\/schwangerschaftsbilder-am-bodensee\/","title":{"rendered":"Atemberaubende Schwangerschaftsbilder am Bodensee \u2013 Fotografin Corinne Chollet"},"content":{"rendered":"<p>Unsere Fotografin aus der Schweiz, Corinne Chollet (<a href=\"http:\/\/www.corinnechollet.ch\">www.corinnehcollet.ch<\/a>), liebt es \u00fcberall am See fotografieren zu d\u00fcrfen und freut sich immer wieder wenn die Kunden diesen Ort auch so lieben. Anfangs September hatte aber der Bodensee nach einem Sturm und viel Regen sehr viel Schwemmholz an Land gezogen, es sah einfach anders aus..<\/p>\n<p>Anders ist gut. Eigentlich braucht es nicht viel drumherum um solche Momente festhalten zu d\u00fcrfen, nur viel Emotionen und Gef\u00fchle. Die wundersch\u00f6ne werdende Mama kam zusammen mit ihren lieben Kinder um diese besondere Zeit festzuhalten.<\/p>\n<p>Ein magischen Ort. Eine zauberhafte Familie. Ein atemberaubendes Licht.<\/p>\n<p>Noch mehr Bilder von Corinne findet ihr auf <a href=\"https:\/\/www.instagram.com\/corinnecholletfotografie\/\">Instagram<\/a> oder <a href=\"https:\/\/www.facebook.com\/CorinneCholletPhotography\">Facebook<\/a>.<\/p>\n<p><img decoding=\"async\" loading=\"lazy\" class=\"pp-insert-all size-full aligncenter\" src=\"http:\/\/vereinigung-professioneller-kinderfotografen.de\/blog2\/wp-content\/uploads\/2017\/11\/03-10072-post\/Christa-SSW-WEB39.jpg\" alt=\"\" width=\"1000\" height=\"668\" \/><img decoding=\"async\" loading=\"lazy\" class=\"pp-insert-all size-full aligncenter\" src=\"http:\/\/vereinigung-professioneller-kinderfotografen.de\/blog2\/wp-content\/uploads\/2017\/11\/03-10072-post\/Christa-SSW-WEB01.jpg\" alt=\"\" width=\"668\" height=\"1000\" \/><img decoding=\"async\" loading=\"lazy\" class=\"pp-insert-all size-full aligncenter\" src=\"http:\/\/vereinigung-professioneller-kinderfotografen.de\/blog2\/wp-content\/uploads\/2017\/11\/03-10072-post\/Christa-SSW-WEB09.jpg\" alt=\"\" width=\"1000\" height=\"668\" \/><img decoding=\"async\" loading=\"lazy\" class=\"pp-insert-all size-full aligncenter\" src=\"http:\/\/vereinigung-professioneller-kinderfotografen.de\/blog2\/wp-content\/uploads\/2017\/11\/03-10072-post\/Christa-SSW-WEB27.jpg\" alt=\"\" width=\"1000\" height=\"668\" \/><img decoding=\"async\" loading=\"lazy\" class=\"pp-insert-all size-full aligncenter\" src=\"http:\/\/vereinigung-professioneller-kinderfotografen.de\/blog2\/wp-content\/uploads\/2017\/11\/03-10072-post\/Christa-SSW-WEB13.jpg\" alt=\"\" width=\"1000\" height=\"666\" \/><img decoding=\"async\" loading=\"lazy\" class=\"pp-insert-all size-full aligncenter\" src=\"http:\/\/vereinigung-professioneller-kinderfotografen.de\/blog2\/wp-content\/uploads\/2017\/11\/03-10072-post\/Christa-SSW-WEB04.jpg\" alt=\"\" width=\"668\" height=\"1000\" \/><img decoding=\"async\" loading=\"lazy\" class=\"pp-insert-all size-full aligncenter\" src=\"http:\/\/vereinigung-professioneller-kinderfotografen.de\/blog2\/wp-content\/uploads\/2017\/11\/03-10072-post\/Christa-SSW-WEB19.jpg\" alt=\"\" width=\"1000\" height=\"668\" \/><img decoding=\"async\" loading=\"lazy\" class=\"pp-insert-all size-full aligncenter\" src=\"http:\/\/vereinigung-professioneller-kinderfotografen.de\/blog2\/wp-content\/uploads\/2017\/11\/03-10072-post\/Christa-SSW-WEB40.jpg\" alt=\"\" width=\"668\" height=\"1000\" \/><img decoding=\"async\" loading=\"lazy\" class=\"pp-insert-all size-full aligncenter\" src=\"http:\/\/vereinigung-professioneller-kinderfotografen.de\/blog2\/wp-content\/uploads\/2017\/11\/03-10072-post\/Christa-SSW-WEB24.jpg\" alt=\"\" width=\"1000\" height=\"668\" \/><img decoding=\"async\" loading=\"lazy\" class=\"pp-insert-all size-full aligncenter\" src=\"http:\/\/vereinigung-professioneller-kinderfotografen.de\/blog2\/wp-content\/uploads\/2017\/11\/03-10072-post\/Christa-SSW-WEB29.jpg\" alt=\"\" width=\"1000\" height=\"666\" \/><\/p>\n","protected":false},"excerpt":{"rendered":"<p>Unsere Fotografin aus der Schweiz, Corinne Chollet (www.corinnehcollet.ch), liebt es \u00fcberall am See fotografieren zu d\u00fcrfen und freut sich immer wieder wenn die Kunden diesen Ort auch so lieben. Anfangs September hatte aber der Bodensee nach einem Sturm und viel Regen sehr viel Schwemmholz an Land gezogen, es sah einfach anders aus.. Anders ist gut....<\/p>\n","protected":false},"author":2,"featured_media":0,"comment_status":"closed","ping_status":"closed","sticky":false,"template":"","format":"standard","meta":{"pp_embeds":""},"categories":[670],"tags":[797,1009,1011,759,1010,650,123,799,416],"acf":[],"_links":{"self":[{"href":"https:\/\/vereinigung-professioneller-kinderfotografen.de\/blog2\/wp-json\/wp\/v2\/posts\/10072"}],"collection":[{"href":"https:\/\/vereinigung-professioneller-kinderfotografen.de\/blog2\/wp-json\/wp\/v2\/posts"}],"about":[{"href":"https:\/\/vereinigung-professioneller-kinderfotografen.de\/blog2\/wp-json\/wp\/v2\/types\/post"}],"author":[{"embeddable":true,"href":"https:\/\/vereinigung-professioneller-kinderfotografen.de\/blog2\/wp-json\/wp\/v2\/users\/2"}],"replies":[{"embeddable":true,"href":"https:\/\/vereinigung-professioneller-kinderfotografen.de\/blog2\/wp-json\/wp\/v2\/comments?post=10072"}],"version-history":[{"count":4,"href":"https:\/\/vereinigung-professioneller-kinderfotografen.de\/blog2\/wp-json\/wp\/v2\/posts\/10072\/revisions"}],"predecessor-version":[{"id":10089,"href":"https:\/\/vereinigung-professioneller-kinderfotografen.de\/blog2\/wp-json\/wp\/v2\/posts\/10072\/revisions\/10089"}],"wp:attachment":[{"href":"https:\/\/vereinigung-professioneller-kinderfotografen.de\/blog2\/wp-json\/wp\/v2\/media?parent=10072"}],"wp:term":[{"taxonomy":"category","embeddable":true,"href":"https:\/\/vereinigung-professioneller-kinderfotografen.de\/blog2\/wp-json\/wp\/v2\/categories?post=10072"},{"taxonomy":"post_tag","embeddable":true,"href":"https:\/\/vereinigung-professioneller-kinderfotografen.de\/blog2\/wp-json\/wp\/v2\/tags?post=10072"}],"curies":[{"name":"wp","href":"https:\/\/api.w.org\/{rel}","templated":true}]}}