{"id":10060,"date":"2017-10-29T20:22:04","date_gmt":"2017-10-29T18:22:04","guid":{"rendered":"http:\/\/vereinigung-professioneller-kinderfotografen.de\/blog2\/?p=10060"},"modified":"2017-10-29T20:26:25","modified_gmt":"2017-10-29T18:26:25","slug":"schwangerschaftsfotoshooting-in-frankfurt-am-main-im-goldenen-oktober","status":"publish","type":"post","link":"https:\/\/vereinigung-professioneller-kinderfotografen.de\/blog2\/schwangerschaftsfotoshooting-in-frankfurt-am-main-im-goldenen-oktober\/","title":{"rendered":"Schwangerschaftsfotoshooting in Frankfurt am Main im goldenen Oktober"},"content":{"rendered":"<p>Wie sch\u00f6n, dass der Oktober uns immer wieder solche tollen warmen Tage schenkt. Und wie wunderbar, dass es so wundersch\u00f6ne und mutige Baldmamas wie Veronika gibt, denn es hat bestimmt viel Mut gebraucht, sich f\u00fcr dieses sehr ausgefallene Kleid zu entscheiden. Aber es hat sich absolut gelohnt. Bitte taucht zusammen mit Julia Sidorenkova, unserer Fotografin aus Frankfurt, in ein bezauberndes Herbstm\u00e4rchen ein. Mehr von Julia und ihrer Arbeit gibt es auf <a href=\"http:\/\/www.direktpositiv.de\">www.direktpositiv.de<\/a><\/p>\n<p><img decoding=\"async\" loading=\"lazy\" class=\"aligncenter size-full wp-image-10066\" src=\"http:\/\/vereinigung-professioneller-kinderfotografen.de\/blog2\/wp-content\/uploads\/2017\/10\/29-10060-post\/DSC_3506-edit-4web-crt.jpg\" alt=\"Schwangerschaftsfotos Frankfurt\" width=\"1200\" height=\"801\" srcset=\"https:\/\/vereinigung-professioneller-kinderfotografen.de\/blog2\/wp-content\/uploads\/2017\/10\/29-10060-post\/DSC_3506-edit-4web-crt.jpg 1200w, https:\/\/vereinigung-professioneller-kinderfotografen.de\/blog2\/wp-content\/uploads\/2017\/10\/29-10060-post\/DSC_3506-edit-4web-crt-300x200.jpg 300w, https:\/\/vereinigung-professioneller-kinderfotografen.de\/blog2\/wp-content\/uploads\/2017\/10\/29-10060-post\/DSC_3506-edit-4web-crt-768x513.jpg 768w, https:\/\/vereinigung-professioneller-kinderfotografen.de\/blog2\/wp-content\/uploads\/2017\/10\/29-10060-post\/DSC_3506-edit-4web-crt-1024x684.jpg 1024w\" sizes=\"(max-width: 1200px) 100vw, 1200px\" \/><\/p>\n<p><img decoding=\"async\" loading=\"lazy\" class=\"aligncenter size-full wp-image-10064\" src=\"http:\/\/vereinigung-professioneller-kinderfotografen.de\/blog2\/wp-content\/uploads\/2017\/10\/29-10060-post\/DSC_3435-edit_4web-crt.jpg\" alt=\"Schwangerschaftsfotos Frankfurt\" width=\"801\" height=\"1200\" srcset=\"https:\/\/vereinigung-professioneller-kinderfotografen.de\/blog2\/wp-content\/uploads\/2017\/10\/29-10060-post\/DSC_3435-edit_4web-crt.jpg 801w, https:\/\/vereinigung-professioneller-kinderfotografen.de\/blog2\/wp-content\/uploads\/2017\/10\/29-10060-post\/DSC_3435-edit_4web-crt-200x300.jpg 200w, https:\/\/vereinigung-professioneller-kinderfotografen.de\/blog2\/wp-content\/uploads\/2017\/10\/29-10060-post\/DSC_3435-edit_4web-crt-768x1151.jpg 768w, https:\/\/vereinigung-professioneller-kinderfotografen.de\/blog2\/wp-content\/uploads\/2017\/10\/29-10060-post\/DSC_3435-edit_4web-crt-684x1024.jpg 684w\" sizes=\"(max-width: 801px) 100vw, 801px\" \/><img decoding=\"async\" loading=\"lazy\" class=\"aligncenter size-full wp-image-10065\" src=\"http:\/\/vereinigung-professioneller-kinderfotografen.de\/blog2\/wp-content\/uploads\/2017\/10\/29-10060-post\/DSC_3498-edit-4web-crt.jpg\" alt=\"Schwangerschaftsfotos Frankfurt\" width=\"801\" height=\"1200\" srcset=\"https:\/\/vereinigung-professioneller-kinderfotografen.de\/blog2\/wp-content\/uploads\/2017\/10\/29-10060-post\/DSC_3498-edit-4web-crt.jpg 801w, https:\/\/vereinigung-professioneller-kinderfotografen.de\/blog2\/wp-content\/uploads\/2017\/10\/29-10060-post\/DSC_3498-edit-4web-crt-200x300.jpg 200w, https:\/\/vereinigung-professioneller-kinderfotografen.de\/blog2\/wp-content\/uploads\/2017\/10\/29-10060-post\/DSC_3498-edit-4web-crt-768x1151.jpg 768w, https:\/\/vereinigung-professioneller-kinderfotografen.de\/blog2\/wp-content\/uploads\/2017\/10\/29-10060-post\/DSC_3498-edit-4web-crt-684x1024.jpg 684w\" sizes=\"(max-width: 801px) 100vw, 801px\" \/><img decoding=\"async\" loading=\"lazy\" class=\"aligncenter size-full wp-image-10061\" src=\"http:\/\/vereinigung-professioneller-kinderfotografen.de\/blog2\/wp-content\/uploads\/2017\/10\/29-10060-post\/DSC_3289-edit-4web-crt.jpg\" alt=\"Schwangerschaftsfotos Frankfurt\" width=\"1200\" height=\"801\" srcset=\"https:\/\/vereinigung-professioneller-kinderfotografen.de\/blog2\/wp-content\/uploads\/2017\/10\/29-10060-post\/DSC_3289-edit-4web-crt.jpg 1200w, https:\/\/vereinigung-professioneller-kinderfotografen.de\/blog2\/wp-content\/uploads\/2017\/10\/29-10060-post\/DSC_3289-edit-4web-crt-300x200.jpg 300w, https:\/\/vereinigung-professioneller-kinderfotografen.de\/blog2\/wp-content\/uploads\/2017\/10\/29-10060-post\/DSC_3289-edit-4web-crt-768x513.jpg 768w, https:\/\/vereinigung-professioneller-kinderfotografen.de\/blog2\/wp-content\/uploads\/2017\/10\/29-10060-post\/DSC_3289-edit-4web-crt-1024x684.jpg 1024w\" sizes=\"(max-width: 1200px) 100vw, 1200px\" \/><img decoding=\"async\" loading=\"lazy\" class=\"aligncenter size-full wp-image-10062\" src=\"http:\/\/vereinigung-professioneller-kinderfotografen.de\/blog2\/wp-content\/uploads\/2017\/10\/29-10060-post\/DSC_3349-edit-4web-crt.jpg\" alt=\"Schwangerschaftsfotos Frankfurt\" width=\"801\" height=\"1200\" srcset=\"https:\/\/vereinigung-professioneller-kinderfotografen.de\/blog2\/wp-content\/uploads\/2017\/10\/29-10060-post\/DSC_3349-edit-4web-crt.jpg 801w, https:\/\/vereinigung-professioneller-kinderfotografen.de\/blog2\/wp-content\/uploads\/2017\/10\/29-10060-post\/DSC_3349-edit-4web-crt-200x300.jpg 200w, https:\/\/vereinigung-professioneller-kinderfotografen.de\/blog2\/wp-content\/uploads\/2017\/10\/29-10060-post\/DSC_3349-edit-4web-crt-768x1151.jpg 768w, https:\/\/vereinigung-professioneller-kinderfotografen.de\/blog2\/wp-content\/uploads\/2017\/10\/29-10060-post\/DSC_3349-edit-4web-crt-684x1024.jpg 684w\" sizes=\"(max-width: 801px) 100vw, 801px\" \/><img decoding=\"async\" loading=\"lazy\" class=\"aligncenter size-full wp-image-10063\" src=\"http:\/\/vereinigung-professioneller-kinderfotografen.de\/blog2\/wp-content\/uploads\/2017\/10\/29-10060-post\/DSC_3359-edit-4web-crt.jpg\" alt=\"Schwangerschaftsfotos Frankfurt\" width=\"801\" height=\"1200\" srcset=\"https:\/\/vereinigung-professioneller-kinderfotografen.de\/blog2\/wp-content\/uploads\/2017\/10\/29-10060-post\/DSC_3359-edit-4web-crt.jpg 801w, https:\/\/vereinigung-professioneller-kinderfotografen.de\/blog2\/wp-content\/uploads\/2017\/10\/29-10060-post\/DSC_3359-edit-4web-crt-200x300.jpg 200w, https:\/\/vereinigung-professioneller-kinderfotografen.de\/blog2\/wp-content\/uploads\/2017\/10\/29-10060-post\/DSC_3359-edit-4web-crt-768x1151.jpg 768w, https:\/\/vereinigung-professioneller-kinderfotografen.de\/blog2\/wp-content\/uploads\/2017\/10\/29-10060-post\/DSC_3359-edit-4web-crt-684x1024.jpg 684w\" sizes=\"(max-width: 801px) 100vw, 801px\" \/><img decoding=\"async\" loading=\"lazy\" class=\"aligncenter size-full wp-image-10067\" src=\"http:\/\/vereinigung-professioneller-kinderfotografen.de\/blog2\/wp-content\/uploads\/2017\/10\/29-10060-post\/DSC_3519-edit-4web-crt.jpg\" alt=\"Schwangerschaftsfotos Frankfurt\" width=\"1200\" height=\"801\" srcset=\"https:\/\/vereinigung-professioneller-kinderfotografen.de\/blog2\/wp-content\/uploads\/2017\/10\/29-10060-post\/DSC_3519-edit-4web-crt.jpg 1200w, https:\/\/vereinigung-professioneller-kinderfotografen.de\/blog2\/wp-content\/uploads\/2017\/10\/29-10060-post\/DSC_3519-edit-4web-crt-300x200.jpg 300w, https:\/\/vereinigung-professioneller-kinderfotografen.de\/blog2\/wp-content\/uploads\/2017\/10\/29-10060-post\/DSC_3519-edit-4web-crt-768x513.jpg 768w, https:\/\/vereinigung-professioneller-kinderfotografen.de\/blog2\/wp-content\/uploads\/2017\/10\/29-10060-post\/DSC_3519-edit-4web-crt-1024x684.jpg 1024w\" sizes=\"(max-width: 1200px) 100vw, 1200px\" \/><\/p>\n","protected":false},"excerpt":{"rendered":"<p>Wie sch\u00f6n, dass der Oktober uns immer wieder solche tollen warmen Tage schenkt. Und wie wunderbar, dass es so wundersch\u00f6ne und mutige Baldmamas wie Veronika gibt, denn es hat bestimmt viel Mut gebraucht, sich f\u00fcr dieses sehr ausgefallene Kleid zu entscheiden. Aber es hat sich absolut gelohnt. Bitte taucht zusammen mit Julia Sidorenkova, unserer Fotografin...<\/p>\n","protected":false},"author":2,"featured_media":10066,"comment_status":"closed","ping_status":"closed","sticky":false,"template":"","format":"standard","meta":{"pp_embeds":""},"categories":[853],"tags":[173,1154,1009,1155,220,942,1152,949,433,1156,1158,1157,1153,416],"acf":[],"_links":{"self":[{"href":"https:\/\/vereinigung-professioneller-kinderfotografen.de\/blog2\/wp-json\/wp\/v2\/posts\/10060"}],"collection":[{"href":"https:\/\/vereinigung-professioneller-kinderfotografen.de\/blog2\/wp-json\/wp\/v2\/posts"}],"about":[{"href":"https:\/\/vereinigung-professioneller-kinderfotografen.de\/blog2\/wp-json\/wp\/v2\/types\/post"}],"author":[{"embeddable":true,"href":"https:\/\/vereinigung-professioneller-kinderfotografen.de\/blog2\/wp-json\/wp\/v2\/users\/2"}],"replies":[{"embeddable":true,"href":"https:\/\/vereinigung-professioneller-kinderfotografen.de\/blog2\/wp-json\/wp\/v2\/comments?post=10060"}],"version-history":[{"count":4,"href":"https:\/\/vereinigung-professioneller-kinderfotografen.de\/blog2\/wp-json\/wp\/v2\/posts\/10060\/revisions"}],"predecessor-version":[{"id":10071,"href":"https:\/\/vereinigung-professioneller-kinderfotografen.de\/blog2\/wp-json\/wp\/v2\/posts\/10060\/revisions\/10071"}],"wp:featuredmedia":[{"embeddable":true,"href":"https:\/\/vereinigung-professioneller-kinderfotografen.de\/blog2\/wp-json\/wp\/v2\/media\/10066"}],"wp:attachment":[{"href":"https:\/\/vereinigung-professioneller-kinderfotografen.de\/blog2\/wp-json\/wp\/v2\/media?parent=10060"}],"wp:term":[{"taxonomy":"category","embeddable":true,"href":"https:\/\/vereinigung-professioneller-kinderfotografen.de\/blog2\/wp-json\/wp\/v2\/categories?post=10060"},{"taxonomy":"post_tag","embeddable":true,"href":"https:\/\/vereinigung-professioneller-kinderfotografen.de\/blog2\/wp-json\/wp\/v2\/tags?post=10060"}],"curies":[{"name":"wp","href":"https:\/\/api.w.org\/{rel}","templated":true}]}}